{"id":1540,"date":"2026-03-09T21:43:02","date_gmt":"2026-03-09T20:43:02","guid":{"rendered":"https:\/\/fiscaliaguerrero.gob.mx\/?p=1540"},"modified":"2026-03-09T21:43:02","modified_gmt":"2026-03-09T20:43:02","slug":"fgeguerrero-cumplimento-en-acapulco-orden-de-aprehension-de-un-hombre-por-el-delito-de-violacion","status":"publish","type":"post","link":"https:\/\/fiscaliaguerrero.gob.mx\/index.php\/2026\/03\/09\/fgeguerrero-cumplimento-en-acapulco-orden-de-aprehension-de-un-hombre-por-el-delito-de-violacion\/","title":{"rendered":"FGEGuerrero cumpliment\u00f3 en Acapulco orden de aprehensi\u00f3n de un hombre por el delito de violaci\u00f3n"},"content":{"rendered":"\n<p>Chilpancingo, Gro. 9 de marzo de 2025.- La Fiscal\u00eda General del Estado de Guerrero, en coordinaci\u00f3n con la Secretar\u00eda de la Defensa Nacional (DEFENSA), Guardia Nacional (GN), Secretar\u00eda de Marina (SEMAR), Secretar\u00eda de Seguridad y Protecci\u00f3n Ciudadana (SSPC) y Polic\u00eda Estatal (SSPGro), cumpliment\u00f3 una orden de aprehensi\u00f3n en contra de Jos\u00e9 \u201cN\u201d, por su probable responsabilidad en el delito de violaci\u00f3n, en perjuicio de una v\u00edctima menor de edad de identidad reservada, en el municipio de Acapulco de Ju\u00e1rez.<\/p>\n\n\n\n<p>De acuerdo con las investigaciones, el imputado esta relacionado con los hechos ocurridos el 28 de mayo de 2014, cuando la menor se encontraba en el domicilio de un familiar, lugar donde el imputado habr\u00eda cometido el delito.<\/p>\n\n\n\n<p>El detenido ser\u00e1 puesto a disposici\u00f3n del Juez de Control que lo requiere, a efecto de que se determine su situaci\u00f3n jur\u00eddica.<\/p>\n\n\n\n<p>La Fiscal\u00eda General del Estado de Guerrero reafirma su compromiso de fortalecer las acciones en favor de ni\u00f1as, ni\u00f1os y adolescentes, garantizando el acceso a la justicia y combate a la impunidad.<\/p>\n\n\n\n<p><\/p>\n","protected":false},"excerpt":{"rendered":"<p>Chilpancingo, Gro. 9 de marzo de 2025.- La Fiscal\u00eda General del Estado de Guerrero, en coordinaci\u00f3n con la Secretar\u00eda de la Defensa Nacional (DEFENSA), Guardia Nacional (GN), Secretar\u00eda de Marina (SEMAR), Secretar\u00eda de Seguridad y Protecci\u00f3n Ciudadana (SSPC) y Polic\u00eda Estatal (SSPGro), cumpliment\u00f3 una orden de aprehensi\u00f3n en contra de Jos\u00e9 \u201cN\u201d, por su probable [&hellip;]<\/p>\n","protected":false},"author":10,"featured_media":1541,"comment_status":"open","ping_status":"open","sticky":false,"template":"","format":"standard","meta":{"footnotes":""},"categories":[15],"tags":[],"class_list":["post-1540","post","type-post","status-publish","format-standard","has-post-thumbnail","hentry","category-noticias"],"gutentor_comment":2,"_links":{"self":[{"href":"https:\/\/fiscaliaguerrero.gob.mx\/index.php\/wp-json\/wp\/v2\/posts\/1540","targetHints":{"allow":["GET"]}}],"collection":[{"href":"https:\/\/fiscaliaguerrero.gob.mx\/index.php\/wp-json\/wp\/v2\/posts"}],"about":[{"href":"https:\/\/fiscaliaguerrero.gob.mx\/index.php\/wp-json\/wp\/v2\/types\/post"}],"author":[{"embeddable":true,"href":"https:\/\/fiscaliaguerrero.gob.mx\/index.php\/wp-json\/wp\/v2\/users\/10"}],"replies":[{"embeddable":true,"href":"https:\/\/fiscaliaguerrero.gob.mx\/index.php\/wp-json\/wp\/v2\/comments?post=1540"}],"version-history":[{"count":1,"href":"https:\/\/fiscaliaguerrero.gob.mx\/index.php\/wp-json\/wp\/v2\/posts\/1540\/revisions"}],"predecessor-version":[{"id":1542,"href":"https:\/\/fiscaliaguerrero.gob.mx\/index.php\/wp-json\/wp\/v2\/posts\/1540\/revisions\/1542"}],"wp:featuredmedia":[{"embeddable":true,"href":"https:\/\/fiscaliaguerrero.gob.mx\/index.php\/wp-json\/wp\/v2\/media\/1541"}],"wp:attachment":[{"href":"https:\/\/fiscaliaguerrero.gob.mx\/index.php\/wp-json\/wp\/v2\/media?parent=1540"}],"wp:term":[{"taxonomy":"category","embeddable":true,"href":"https:\/\/fiscaliaguerrero.gob.mx\/index.php\/wp-json\/wp\/v2\/categories?post=1540"},{"taxonomy":"post_tag","embeddable":true,"href":"https:\/\/fiscaliaguerrero.gob.mx\/index.php\/wp-json\/wp\/v2\/tags?post=1540"}],"curies":[{"name":"wp","href":"https:\/\/api.w.org\/{rel}","templated":true}]}}