{"id":1546,"date":"2026-03-09T22:34:58","date_gmt":"2026-03-09T21:34:58","guid":{"rendered":"https:\/\/fiscaliaguerrero.gob.mx\/?p=1546"},"modified":"2026-03-09T22:34:58","modified_gmt":"2026-03-09T21:34:58","slug":"fge-guerrero-realiza-conferencia-primeros-auxilios-psicologicos-como-herramienta-para-una-atencion-digna-y-humanizada-a-victimas-de-violencia","status":"publish","type":"post","link":"https:\/\/fiscaliaguerrero.gob.mx\/index.php\/2026\/03\/09\/fge-guerrero-realiza-conferencia-primeros-auxilios-psicologicos-como-herramienta-para-una-atencion-digna-y-humanizada-a-victimas-de-violencia\/","title":{"rendered":"FGE Guerrero realiza conferencia: \u201cPrimeros auxilios psicol\u00f3gicos como herramienta para una atenci\u00f3n digna y humanizada a v\u00edctimas de violencia\u201d."},"content":{"rendered":"\n<p>Chilpancingo, Gro., a 9 de marzo de 2026.\u2013 La Fiscal\u00eda General del Estado de Guerrero, a trav\u00e9s del Instituto de Formaci\u00f3n y Capacitaci\u00f3n Profesional, en coordinaci\u00f3n con la Unidad de Igualdad de G\u00e9nero y en colaboraci\u00f3n con la Direcci\u00f3n de Desarrollo de Personal y el Departamento de Capacitaci\u00f3n y Actualizaci\u00f3n de la Universidad Aut\u00f3noma de Guerrero (UAGro), llev\u00f3 a cabo la conferencia titulada \u201cPrimeros auxilios psicol\u00f3gicos como herramienta para una atenci\u00f3n digna y humanizada a v\u00edctimas de violencia\u201d, dirigida a servidoras y servidores p\u00fablicos de esta instituci\u00f3n.<\/p>\n\n\n\n<p>La actividad se realiz\u00f3 en la Sala de Juicios Orales de esta Fiscal\u00eda y tuvo como objetivo fortalecer la sensibilizaci\u00f3n y concientizaci\u00f3n del personal sobre la importancia de brindar una primera atenci\u00f3n basada en el respeto, la empat\u00eda y la calidez humana hacia las v\u00edctimas de violencia.<\/p>\n\n\n\n<p>La ponencia estuvo a cargo de la Dra. Elizabeth Corona Cedillo, Doctora en Psicopedagog\u00eda, adscrita a la Direcci\u00f3n de Desarrollo de Personal y al Departamento de Capacitaci\u00f3n de la Universidad Aut\u00f3noma de Guerrero (UAGro).<\/p>\n\n\n\n<p>Con estas acciones, la Fiscal\u00eda General del Estado de Guerrero reafirma su compromiso con la ciudadan\u00eda al impulsar la capacitaci\u00f3n permanente de su personal, a fin de fortalecer sus capacidades y brindar una atenci\u00f3n cada vez m\u00e1s profesional, eficiente y cercana a las y los guerrerenses.<\/p>\n\n\n\n<figure class=\"wp-block-image size-large\"><img loading=\"lazy\" decoding=\"async\" width=\"1024\" height=\"576\" src=\"https:\/\/fiscaliaguerrero.gob.mx\/wp-content\/uploads\/2026\/03\/6f7aecc4-11e5-4a1e-8f62-3a82972b18fb-1-1024x576.jpeg\" alt=\"\" class=\"wp-image-1556\" srcset=\"https:\/\/fiscaliaguerrero.gob.mx\/wp-content\/uploads\/2026\/03\/6f7aecc4-11e5-4a1e-8f62-3a82972b18fb-1-1024x576.jpeg 1024w, https:\/\/fiscaliaguerrero.gob.mx\/wp-content\/uploads\/2026\/03\/6f7aecc4-11e5-4a1e-8f62-3a82972b18fb-1-300x169.jpeg 300w, https:\/\/fiscaliaguerrero.gob.mx\/wp-content\/uploads\/2026\/03\/6f7aecc4-11e5-4a1e-8f62-3a82972b18fb-1-768x432.jpeg 768w, https:\/\/fiscaliaguerrero.gob.mx\/wp-content\/uploads\/2026\/03\/6f7aecc4-11e5-4a1e-8f62-3a82972b18fb-1-1536x864.jpeg 1536w, https:\/\/fiscaliaguerrero.gob.mx\/wp-content\/uploads\/2026\/03\/6f7aecc4-11e5-4a1e-8f62-3a82972b18fb-1.jpeg 1600w\" sizes=\"auto, (max-width: 1024px) 100vw, 1024px\" \/><\/figure>\n\n\n\n<figure class=\"wp-block-image size-large\"><img loading=\"lazy\" decoding=\"async\" width=\"1024\" height=\"576\" src=\"https:\/\/fiscaliaguerrero.gob.mx\/wp-content\/uploads\/2026\/03\/10b8f300-eac8-4d7a-9c31-604fdfd9ba55-1-1024x576.jpeg\" alt=\"\" class=\"wp-image-1555\" srcset=\"https:\/\/fiscaliaguerrero.gob.mx\/wp-content\/uploads\/2026\/03\/10b8f300-eac8-4d7a-9c31-604fdfd9ba55-1-1024x576.jpeg 1024w, https:\/\/fiscaliaguerrero.gob.mx\/wp-content\/uploads\/2026\/03\/10b8f300-eac8-4d7a-9c31-604fdfd9ba55-1-300x169.jpeg 300w, https:\/\/fiscaliaguerrero.gob.mx\/wp-content\/uploads\/2026\/03\/10b8f300-eac8-4d7a-9c31-604fdfd9ba55-1-768x432.jpeg 768w, https:\/\/fiscaliaguerrero.gob.mx\/wp-content\/uploads\/2026\/03\/10b8f300-eac8-4d7a-9c31-604fdfd9ba55-1-1536x864.jpeg 1536w, https:\/\/fiscaliaguerrero.gob.mx\/wp-content\/uploads\/2026\/03\/10b8f300-eac8-4d7a-9c31-604fdfd9ba55-1.jpeg 1600w\" sizes=\"auto, (max-width: 1024px) 100vw, 1024px\" \/><\/figure>\n\n\n\n<figure class=\"wp-block-image size-large\"><img loading=\"lazy\" decoding=\"async\" width=\"1024\" height=\"576\" src=\"https:\/\/fiscaliaguerrero.gob.mx\/wp-content\/uploads\/2026\/03\/8b5499c7-1621-4855-a48b-da814f077988-1-1024x576.jpeg\" alt=\"\" class=\"wp-image-1554\" srcset=\"https:\/\/fiscaliaguerrero.gob.mx\/wp-content\/uploads\/2026\/03\/8b5499c7-1621-4855-a48b-da814f077988-1-1024x576.jpeg 1024w, https:\/\/fiscaliaguerrero.gob.mx\/wp-content\/uploads\/2026\/03\/8b5499c7-1621-4855-a48b-da814f077988-1-300x169.jpeg 300w, https:\/\/fiscaliaguerrero.gob.mx\/wp-content\/uploads\/2026\/03\/8b5499c7-1621-4855-a48b-da814f077988-1-768x432.jpeg 768w, https:\/\/fiscaliaguerrero.gob.mx\/wp-content\/uploads\/2026\/03\/8b5499c7-1621-4855-a48b-da814f077988-1-1536x864.jpeg 1536w, https:\/\/fiscaliaguerrero.gob.mx\/wp-content\/uploads\/2026\/03\/8b5499c7-1621-4855-a48b-da814f077988-1.jpeg 1600w\" sizes=\"auto, (max-width: 1024px) 100vw, 1024px\" \/><\/figure>\n\n\n\n<figure class=\"wp-block-image size-large\"><img loading=\"lazy\" decoding=\"async\" width=\"1024\" height=\"576\" src=\"https:\/\/fiscaliaguerrero.gob.mx\/wp-content\/uploads\/2026\/03\/a9d1dc59-6035-4011-946e-457e8ddd32ff-1024x576.jpeg\" alt=\"\" class=\"wp-image-1553\" srcset=\"https:\/\/fiscaliaguerrero.gob.mx\/wp-content\/uploads\/2026\/03\/a9d1dc59-6035-4011-946e-457e8ddd32ff-1024x576.jpeg 1024w, https:\/\/fiscaliaguerrero.gob.mx\/wp-content\/uploads\/2026\/03\/a9d1dc59-6035-4011-946e-457e8ddd32ff-300x169.jpeg 300w, https:\/\/fiscaliaguerrero.gob.mx\/wp-content\/uploads\/2026\/03\/a9d1dc59-6035-4011-946e-457e8ddd32ff-768x432.jpeg 768w, https:\/\/fiscaliaguerrero.gob.mx\/wp-content\/uploads\/2026\/03\/a9d1dc59-6035-4011-946e-457e8ddd32ff-1536x864.jpeg 1536w, https:\/\/fiscaliaguerrero.gob.mx\/wp-content\/uploads\/2026\/03\/a9d1dc59-6035-4011-946e-457e8ddd32ff.jpeg 1600w\" sizes=\"auto, (max-width: 1024px) 100vw, 1024px\" \/><\/figure>\n","protected":false},"excerpt":{"rendered":"<p>Chilpancingo, Gro., a 9 de marzo de 2026.\u2013 La Fiscal\u00eda General del Estado de Guerrero, a trav\u00e9s del Instituto de Formaci\u00f3n y Capacitaci\u00f3n Profesional, en coordinaci\u00f3n con la Unidad de Igualdad de G\u00e9nero y en colaboraci\u00f3n con la Direcci\u00f3n de Desarrollo de Personal y el Departamento de Capacitaci\u00f3n y Actualizaci\u00f3n de la Universidad Aut\u00f3noma de [&hellip;]<\/p>\n","protected":false},"author":10,"featured_media":1550,"comment_status":"open","ping_status":"open","sticky":false,"template":"","format":"standard","meta":{"footnotes":""},"categories":[15],"tags":[],"class_list":["post-1546","post","type-post","status-publish","format-standard","has-post-thumbnail","hentry","category-noticias"],"gutentor_comment":0,"_links":{"self":[{"href":"https:\/\/fiscaliaguerrero.gob.mx\/index.php\/wp-json\/wp\/v2\/posts\/1546","targetHints":{"allow":["GET"]}}],"collection":[{"href":"https:\/\/fiscaliaguerrero.gob.mx\/index.php\/wp-json\/wp\/v2\/posts"}],"about":[{"href":"https:\/\/fiscaliaguerrero.gob.mx\/index.php\/wp-json\/wp\/v2\/types\/post"}],"author":[{"embeddable":true,"href":"https:\/\/fiscaliaguerrero.gob.mx\/index.php\/wp-json\/wp\/v2\/users\/10"}],"replies":[{"embeddable":true,"href":"https:\/\/fiscaliaguerrero.gob.mx\/index.php\/wp-json\/wp\/v2\/comments?post=1546"}],"version-history":[{"count":1,"href":"https:\/\/fiscaliaguerrero.gob.mx\/index.php\/wp-json\/wp\/v2\/posts\/1546\/revisions"}],"predecessor-version":[{"id":1557,"href":"https:\/\/fiscaliaguerrero.gob.mx\/index.php\/wp-json\/wp\/v2\/posts\/1546\/revisions\/1557"}],"wp:featuredmedia":[{"embeddable":true,"href":"https:\/\/fiscaliaguerrero.gob.mx\/index.php\/wp-json\/wp\/v2\/media\/1550"}],"wp:attachment":[{"href":"https:\/\/fiscaliaguerrero.gob.mx\/index.php\/wp-json\/wp\/v2\/media?parent=1546"}],"wp:term":[{"taxonomy":"category","embeddable":true,"href":"https:\/\/fiscaliaguerrero.gob.mx\/index.php\/wp-json\/wp\/v2\/categories?post=1546"},{"taxonomy":"post_tag","embeddable":true,"href":"https:\/\/fiscaliaguerrero.gob.mx\/index.php\/wp-json\/wp\/v2\/tags?post=1546"}],"curies":[{"name":"wp","href":"https:\/\/api.w.org\/{rel}","templated":true}]}}