{"id":2387,"date":"2026-04-27T16:30:00","date_gmt":"2026-04-27T14:30:00","guid":{"rendered":"https:\/\/fiscaliaguerrero.gob.mx\/?p=2387"},"modified":"2026-04-28T00:01:38","modified_gmt":"2026-04-27T22:01:38","slug":"fge-guerrero-lleva-a-cabo-conferencia-titulada-el-derecho-a-la-educacion-y-su-impacto-en-la-dignidad-humana","status":"publish","type":"post","link":"https:\/\/fiscaliaguerrero.gob.mx\/index.php\/2026\/04\/27\/fge-guerrero-lleva-a-cabo-conferencia-titulada-el-derecho-a-la-educacion-y-su-impacto-en-la-dignidad-humana\/","title":{"rendered":"FGE Guerrero lleva a cabo conferencia titulada: \u201cEl derecho a la educaci\u00f3n y su impacto en la dignidad humana\u201d."},"content":{"rendered":"\n<p>Chilpancingo, Gro., a 27 de abril de 2026.\u2013 La Fiscal\u00eda General del Estado de Guerrero, a trav\u00e9s del Instituto de Formaci\u00f3n y Capacitaci\u00f3n Profesional, en coordinaci\u00f3n con la Comisi\u00f3n Nacional de los Derechos Humanos (CNDH), llev\u00f3 a cabo la conferencia titulada \u201cEl derecho a la educaci\u00f3n y su impacto en la dignidad humana\u201d, impartida en modalidad a distancia mediante la plataforma digital Zoom, dirigida a servidoras y servidores p\u00fablicos de esta instituci\u00f3n, as\u00ed como al p\u00fablico en general.<\/p>\n\n\n\n<p>La conferencia fue impartida por la Mtra. Alma Rosa Salda\u00f1a Bernal, ponente de la CNDH, quien abord\u00f3 la importancia del derecho a la educaci\u00f3n como un pilar fundamental para el desarrollo integral de las personas, destacando su incidencia en la dignidad humana, la igualdad de oportunidades y la construcci\u00f3n de sociedades m\u00e1s justas e inclusivas.<\/p>\n\n\n\n<p>Con estas acciones, la Fiscal\u00eda General del Estado de Guerrero refrenda su compromiso de fortalecer los conocimientos en materia de derechos humanos y procuraci\u00f3n de justicia, mediante procesos de capacitaci\u00f3n continua, a fin de garantizar una atenci\u00f3n adecuada a la ciudadan\u00eda.<\/p>\n\n\n\n<figure class=\"wp-block-gallery has-nested-images columns-default is-cropped wp-block-gallery-1 is-layout-flex wp-block-gallery-is-layout-flex\">\n<figure class=\"wp-block-image size-large\"><img loading=\"lazy\" decoding=\"async\" width=\"1024\" height=\"576\" data-id=\"2388\" src=\"https:\/\/fiscaliaguerrero.gob.mx\/wp-content\/uploads\/2026\/04\/WhatsApp-Image-2026-04-27-at-3.57.29-PM-1024x576.jpeg\" alt=\"\" class=\"wp-image-2388\" srcset=\"https:\/\/fiscaliaguerrero.gob.mx\/wp-content\/uploads\/2026\/04\/WhatsApp-Image-2026-04-27-at-3.57.29-PM-1024x576.jpeg 1024w, https:\/\/fiscaliaguerrero.gob.mx\/wp-content\/uploads\/2026\/04\/WhatsApp-Image-2026-04-27-at-3.57.29-PM-300x169.jpeg 300w, https:\/\/fiscaliaguerrero.gob.mx\/wp-content\/uploads\/2026\/04\/WhatsApp-Image-2026-04-27-at-3.57.29-PM-768x432.jpeg 768w, https:\/\/fiscaliaguerrero.gob.mx\/wp-content\/uploads\/2026\/04\/WhatsApp-Image-2026-04-27-at-3.57.29-PM-1536x864.jpeg 1536w, https:\/\/fiscaliaguerrero.gob.mx\/wp-content\/uploads\/2026\/04\/WhatsApp-Image-2026-04-27-at-3.57.29-PM.jpeg 1600w\" sizes=\"auto, (max-width: 1024px) 100vw, 1024px\" \/><\/figure>\n\n\n\n<figure class=\"wp-block-image size-large\"><img loading=\"lazy\" decoding=\"async\" width=\"1024\" height=\"576\" data-id=\"2389\" src=\"https:\/\/fiscaliaguerrero.gob.mx\/wp-content\/uploads\/2026\/04\/WhatsApp-Image-2026-04-27-at-3.57.30-PM-1-1024x576.jpeg\" alt=\"\" class=\"wp-image-2389\" srcset=\"https:\/\/fiscaliaguerrero.gob.mx\/wp-content\/uploads\/2026\/04\/WhatsApp-Image-2026-04-27-at-3.57.30-PM-1-1024x576.jpeg 1024w, https:\/\/fiscaliaguerrero.gob.mx\/wp-content\/uploads\/2026\/04\/WhatsApp-Image-2026-04-27-at-3.57.30-PM-1-300x169.jpeg 300w, https:\/\/fiscaliaguerrero.gob.mx\/wp-content\/uploads\/2026\/04\/WhatsApp-Image-2026-04-27-at-3.57.30-PM-1-768x432.jpeg 768w, https:\/\/fiscaliaguerrero.gob.mx\/wp-content\/uploads\/2026\/04\/WhatsApp-Image-2026-04-27-at-3.57.30-PM-1-1536x864.jpeg 1536w, https:\/\/fiscaliaguerrero.gob.mx\/wp-content\/uploads\/2026\/04\/WhatsApp-Image-2026-04-27-at-3.57.30-PM-1.jpeg 1600w\" sizes=\"auto, (max-width: 1024px) 100vw, 1024px\" \/><\/figure>\n\n\n\n<figure class=\"wp-block-image size-large\"><img loading=\"lazy\" decoding=\"async\" width=\"1024\" height=\"576\" data-id=\"2392\" src=\"https:\/\/fiscaliaguerrero.gob.mx\/wp-content\/uploads\/2026\/04\/WhatsApp-Image-2026-04-27-at-3.57.30-PM-2-1024x576.jpeg\" alt=\"\" class=\"wp-image-2392\" srcset=\"https:\/\/fiscaliaguerrero.gob.mx\/wp-content\/uploads\/2026\/04\/WhatsApp-Image-2026-04-27-at-3.57.30-PM-2-1024x576.jpeg 1024w, https:\/\/fiscaliaguerrero.gob.mx\/wp-content\/uploads\/2026\/04\/WhatsApp-Image-2026-04-27-at-3.57.30-PM-2-300x169.jpeg 300w, https:\/\/fiscaliaguerrero.gob.mx\/wp-content\/uploads\/2026\/04\/WhatsApp-Image-2026-04-27-at-3.57.30-PM-2-768x432.jpeg 768w, https:\/\/fiscaliaguerrero.gob.mx\/wp-content\/uploads\/2026\/04\/WhatsApp-Image-2026-04-27-at-3.57.30-PM-2-1536x864.jpeg 1536w, https:\/\/fiscaliaguerrero.gob.mx\/wp-content\/uploads\/2026\/04\/WhatsApp-Image-2026-04-27-at-3.57.30-PM-2.jpeg 1600w\" sizes=\"auto, (max-width: 1024px) 100vw, 1024px\" \/><\/figure>\n\n\n\n<figure class=\"wp-block-image size-large\"><img loading=\"lazy\" decoding=\"async\" width=\"1024\" height=\"576\" data-id=\"2390\" src=\"https:\/\/fiscaliaguerrero.gob.mx\/wp-content\/uploads\/2026\/04\/WhatsApp-Image-2026-04-27-at-3.57.30-PM-3-1024x576.jpeg\" alt=\"\" class=\"wp-image-2390\" srcset=\"https:\/\/fiscaliaguerrero.gob.mx\/wp-content\/uploads\/2026\/04\/WhatsApp-Image-2026-04-27-at-3.57.30-PM-3-1024x576.jpeg 1024w, https:\/\/fiscaliaguerrero.gob.mx\/wp-content\/uploads\/2026\/04\/WhatsApp-Image-2026-04-27-at-3.57.30-PM-3-300x169.jpeg 300w, https:\/\/fiscaliaguerrero.gob.mx\/wp-content\/uploads\/2026\/04\/WhatsApp-Image-2026-04-27-at-3.57.30-PM-3-768x432.jpeg 768w, https:\/\/fiscaliaguerrero.gob.mx\/wp-content\/uploads\/2026\/04\/WhatsApp-Image-2026-04-27-at-3.57.30-PM-3-1536x864.jpeg 1536w, https:\/\/fiscaliaguerrero.gob.mx\/wp-content\/uploads\/2026\/04\/WhatsApp-Image-2026-04-27-at-3.57.30-PM-3.jpeg 1600w\" sizes=\"auto, (max-width: 1024px) 100vw, 1024px\" \/><\/figure>\n\n\n\n<figure class=\"wp-block-image size-large\"><img loading=\"lazy\" decoding=\"async\" width=\"1024\" height=\"576\" data-id=\"2391\" src=\"https:\/\/fiscaliaguerrero.gob.mx\/wp-content\/uploads\/2026\/04\/WhatsApp-Image-2026-04-27-at-3.57.30-PM-1024x576.jpeg\" alt=\"\" class=\"wp-image-2391\" srcset=\"https:\/\/fiscaliaguerrero.gob.mx\/wp-content\/uploads\/2026\/04\/WhatsApp-Image-2026-04-27-at-3.57.30-PM-1024x576.jpeg 1024w, https:\/\/fiscaliaguerrero.gob.mx\/wp-content\/uploads\/2026\/04\/WhatsApp-Image-2026-04-27-at-3.57.30-PM-300x169.jpeg 300w, https:\/\/fiscaliaguerrero.gob.mx\/wp-content\/uploads\/2026\/04\/WhatsApp-Image-2026-04-27-at-3.57.30-PM-768x432.jpeg 768w, https:\/\/fiscaliaguerrero.gob.mx\/wp-content\/uploads\/2026\/04\/WhatsApp-Image-2026-04-27-at-3.57.30-PM-1536x864.jpeg 1536w, https:\/\/fiscaliaguerrero.gob.mx\/wp-content\/uploads\/2026\/04\/WhatsApp-Image-2026-04-27-at-3.57.30-PM.jpeg 1600w\" sizes=\"auto, (max-width: 1024px) 100vw, 1024px\" \/><\/figure>\n<\/figure>\n","protected":false},"excerpt":{"rendered":"<p>Chilpancingo, Gro., a 27 de abril de 2026.\u2013 La Fiscal\u00eda General del Estado de Guerrero, a trav\u00e9s del Instituto de Formaci\u00f3n y Capacitaci\u00f3n Profesional, en coordinaci\u00f3n con la Comisi\u00f3n Nacional de los Derechos Humanos (CNDH), llev\u00f3 a cabo la conferencia titulada \u201cEl derecho a la educaci\u00f3n y su impacto en la dignidad humana\u201d, impartida en [&hellip;]<\/p>\n","protected":false},"author":8,"featured_media":0,"comment_status":"closed","ping_status":"open","sticky":false,"template":"","format":"standard","meta":{"footnotes":""},"categories":[15],"tags":[],"class_list":["post-2387","post","type-post","status-publish","format-standard","hentry","category-noticias"],"gutentor_comment":0,"_links":{"self":[{"href":"https:\/\/fiscaliaguerrero.gob.mx\/index.php\/wp-json\/wp\/v2\/posts\/2387","targetHints":{"allow":["GET"]}}],"collection":[{"href":"https:\/\/fiscaliaguerrero.gob.mx\/index.php\/wp-json\/wp\/v2\/posts"}],"about":[{"href":"https:\/\/fiscaliaguerrero.gob.mx\/index.php\/wp-json\/wp\/v2\/types\/post"}],"author":[{"embeddable":true,"href":"https:\/\/fiscaliaguerrero.gob.mx\/index.php\/wp-json\/wp\/v2\/users\/8"}],"replies":[{"embeddable":true,"href":"https:\/\/fiscaliaguerrero.gob.mx\/index.php\/wp-json\/wp\/v2\/comments?post=2387"}],"version-history":[{"count":1,"href":"https:\/\/fiscaliaguerrero.gob.mx\/index.php\/wp-json\/wp\/v2\/posts\/2387\/revisions"}],"predecessor-version":[{"id":2393,"href":"https:\/\/fiscaliaguerrero.gob.mx\/index.php\/wp-json\/wp\/v2\/posts\/2387\/revisions\/2393"}],"wp:attachment":[{"href":"https:\/\/fiscaliaguerrero.gob.mx\/index.php\/wp-json\/wp\/v2\/media?parent=2387"}],"wp:term":[{"taxonomy":"category","embeddable":true,"href":"https:\/\/fiscaliaguerrero.gob.mx\/index.php\/wp-json\/wp\/v2\/categories?post=2387"},{"taxonomy":"post_tag","embeddable":true,"href":"https:\/\/fiscaliaguerrero.gob.mx\/index.php\/wp-json\/wp\/v2\/tags?post=2387"}],"curies":[{"name":"wp","href":"https:\/\/api.w.org\/{rel}","templated":true}]}}