{"id":2394,"date":"2026-04-28T02:56:36","date_gmt":"2026-04-28T00:56:36","guid":{"rendered":"https:\/\/fiscaliaguerrero.gob.mx\/?p=2394"},"modified":"2026-04-28T02:56:36","modified_gmt":"2026-04-28T00:56:36","slug":"cumplimenta-fgeguerrero-orden-de-aprehension-por-extorsion-agravada-y-desplazamiento-interno-forzado-en-chilpancingo","status":"publish","type":"post","link":"https:\/\/fiscaliaguerrero.gob.mx\/index.php\/2026\/04\/28\/cumplimenta-fgeguerrero-orden-de-aprehension-por-extorsion-agravada-y-desplazamiento-interno-forzado-en-chilpancingo\/","title":{"rendered":"Cumplimenta FGEGuerrero orden de aprehensi\u00f3n por extorsi\u00f3n agravada y desplazamiento interno forzado en Chilpancingo"},"content":{"rendered":"\n<figure class=\"wp-block-image size-large\"><img loading=\"lazy\" decoding=\"async\" width=\"1024\" height=\"442\" src=\"https:\/\/fiscaliaguerrero.gob.mx\/wp-content\/uploads\/2026\/04\/dfc2f380-d899-4370-8164-16daaf29d8b1-1024x442.jpeg\" alt=\"\" class=\"wp-image-2395\" srcset=\"https:\/\/fiscaliaguerrero.gob.mx\/wp-content\/uploads\/2026\/04\/dfc2f380-d899-4370-8164-16daaf29d8b1-1024x442.jpeg 1024w, https:\/\/fiscaliaguerrero.gob.mx\/wp-content\/uploads\/2026\/04\/dfc2f380-d899-4370-8164-16daaf29d8b1-300x130.jpeg 300w, https:\/\/fiscaliaguerrero.gob.mx\/wp-content\/uploads\/2026\/04\/dfc2f380-d899-4370-8164-16daaf29d8b1-768x332.jpeg 768w, https:\/\/fiscaliaguerrero.gob.mx\/wp-content\/uploads\/2026\/04\/dfc2f380-d899-4370-8164-16daaf29d8b1.jpeg 1280w\" sizes=\"auto, (max-width: 1024px) 100vw, 1024px\" \/><\/figure>\n\n\n\n<p>Chilpancingo, Gro., a 27 de marzo de 2026.\u2013 La Fiscal\u00eda General del Estado de Guerrero informa que, en coordinaci\u00f3n con la Secretar\u00eda de la Defensa Nacional (DEFENSA), Guardia Nacional (GN), Secretar\u00eda de Marina (SEMAR), Secretar\u00eda de Seguridad y Protecci\u00f3n Ciudadana (SSPC) y Polic\u00eda Estatal (SSPGro), cumpliment\u00f3 una orden de aprehensi\u00f3n en contra de V\u00edctor Hugo \u201cN\u201d y Miguel \u201cN\u201d, por su probable responsabilidad en los delitos de extorsi\u00f3n agravada y desplazamiento interno forzado, en agravio de varias v\u00edctimas de identidad reservada, en el municipio de Chilpancingo de los Bravo, Guerrero.<\/p>\n\n\n\n<p>La detenci\u00f3n se efectu\u00f3 en la colonia Temixco, en el citado municipio.<\/p>\n\n\n\n<p>De acuerdo con los actos de investigaci\u00f3n, en octubre de 2023, los imputados, en compa\u00f1\u00eda de otros individuos, se presentaron en la localidad de El Terrero, municipio de Juan R. Escudero, donde habr\u00edan ejercido violencia para exigir la entrega de bienes y dinero a las v\u00edctimas.<\/p>\n\n\n\n<p>Posteriormente, en diciembre del mismo a\u00f1o, los imputados habr\u00edan reincidido en estas conductas, bajo amenazas. Finalmente, en enero de 2024, dichas acciones derivaron en que las v\u00edctimas se vieran obligadas a abandonar su lugar de residencia.<\/p>\n\n\n\n<p>Los detenidos fueron puestos a disposici\u00f3n del Juez de Control que los requiere, a efecto de que se determine su situaci\u00f3n jur\u00eddica conforme a derecho.<\/p>\n\n\n\n<p>La Fiscal\u00eda General del Estado de Guerrero refrenda su compromiso de combatir con firmeza los delitos que atentan contra la seguridad y el patrimonio de la poblaci\u00f3n, en coordinaci\u00f3n con las instituciones de los tres \u00f3rdenes de gobierno.<\/p>\n\n\n\n<p>\u2014ooOoo\u2014<\/p>\n","protected":false},"excerpt":{"rendered":"<p>Chilpancingo, Gro., a 27 de marzo de 2026.\u2013 La Fiscal\u00eda General del Estado de Guerrero informa que, en coordinaci\u00f3n con la Secretar\u00eda de la Defensa Nacional (DEFENSA), Guardia Nacional (GN), Secretar\u00eda de Marina (SEMAR), Secretar\u00eda de Seguridad y Protecci\u00f3n Ciudadana (SSPC) y Polic\u00eda Estatal (SSPGro), cumpliment\u00f3 una orden de aprehensi\u00f3n en contra de V\u00edctor Hugo [&hellip;]<\/p>\n","protected":false},"author":9,"featured_media":0,"comment_status":"closed","ping_status":"open","sticky":false,"template":"","format":"standard","meta":{"footnotes":""},"categories":[15],"tags":[],"class_list":["post-2394","post","type-post","status-publish","format-standard","hentry","category-noticias"],"gutentor_comment":0,"_links":{"self":[{"href":"https:\/\/fiscaliaguerrero.gob.mx\/index.php\/wp-json\/wp\/v2\/posts\/2394","targetHints":{"allow":["GET"]}}],"collection":[{"href":"https:\/\/fiscaliaguerrero.gob.mx\/index.php\/wp-json\/wp\/v2\/posts"}],"about":[{"href":"https:\/\/fiscaliaguerrero.gob.mx\/index.php\/wp-json\/wp\/v2\/types\/post"}],"author":[{"embeddable":true,"href":"https:\/\/fiscaliaguerrero.gob.mx\/index.php\/wp-json\/wp\/v2\/users\/9"}],"replies":[{"embeddable":true,"href":"https:\/\/fiscaliaguerrero.gob.mx\/index.php\/wp-json\/wp\/v2\/comments?post=2394"}],"version-history":[{"count":1,"href":"https:\/\/fiscaliaguerrero.gob.mx\/index.php\/wp-json\/wp\/v2\/posts\/2394\/revisions"}],"predecessor-version":[{"id":2396,"href":"https:\/\/fiscaliaguerrero.gob.mx\/index.php\/wp-json\/wp\/v2\/posts\/2394\/revisions\/2396"}],"wp:attachment":[{"href":"https:\/\/fiscaliaguerrero.gob.mx\/index.php\/wp-json\/wp\/v2\/media?parent=2394"}],"wp:term":[{"taxonomy":"category","embeddable":true,"href":"https:\/\/fiscaliaguerrero.gob.mx\/index.php\/wp-json\/wp\/v2\/categories?post=2394"},{"taxonomy":"post_tag","embeddable":true,"href":"https:\/\/fiscaliaguerrero.gob.mx\/index.php\/wp-json\/wp\/v2\/tags?post=2394"}],"curies":[{"name":"wp","href":"https:\/\/api.w.org\/{rel}","templated":true}]}}