{"id":2398,"date":"2026-04-28T05:20:16","date_gmt":"2026-04-28T03:20:16","guid":{"rendered":"https:\/\/fiscaliaguerrero.gob.mx\/?p=2398"},"modified":"2026-04-28T05:20:16","modified_gmt":"2026-04-28T03:20:16","slug":"cumplimenta-fgeguerrero-orden-de-aprehension-por-extorsion-agravada-en-acapulco","status":"publish","type":"post","link":"https:\/\/fiscaliaguerrero.gob.mx\/index.php\/2026\/04\/28\/cumplimenta-fgeguerrero-orden-de-aprehension-por-extorsion-agravada-en-acapulco\/","title":{"rendered":"Cumplimenta FGEGuerrero orden de aprehensi\u00f3n por extorsi\u00f3n agravada en Acapulco"},"content":{"rendered":"\n<figure class=\"wp-block-image size-large\"><img loading=\"lazy\" decoding=\"async\" width=\"1024\" height=\"591\" src=\"https:\/\/fiscaliaguerrero.gob.mx\/wp-content\/uploads\/2026\/04\/IMG_5471-1024x591.jpeg\" alt=\"\" class=\"wp-image-2399\" srcset=\"https:\/\/fiscaliaguerrero.gob.mx\/wp-content\/uploads\/2026\/04\/IMG_5471-1024x591.jpeg 1024w, https:\/\/fiscaliaguerrero.gob.mx\/wp-content\/uploads\/2026\/04\/IMG_5471-300x173.jpeg 300w, https:\/\/fiscaliaguerrero.gob.mx\/wp-content\/uploads\/2026\/04\/IMG_5471-768x443.jpeg 768w, https:\/\/fiscaliaguerrero.gob.mx\/wp-content\/uploads\/2026\/04\/IMG_5471-1536x886.jpeg 1536w, https:\/\/fiscaliaguerrero.gob.mx\/wp-content\/uploads\/2026\/04\/IMG_5471.jpeg 1600w\" sizes=\"auto, (max-width: 1024px) 100vw, 1024px\" \/><\/figure>\n\n\n\n<p>Chilpancingo, Gro., a 27 de abril de 2026.\u2013 La Fiscal\u00eda General del Estado de Guerrero informa que, en coordinaci\u00f3n con la Secretar\u00eda de la Defensa Nacional (DEFENSA), Guardia Nacional (GN), Secretar\u00eda de Marina (SEMAR), Secretar\u00eda de Seguridad y Protecci\u00f3n Ciudadana (SSPC) y Polic\u00eda Estatal (SSPGro), cumpliment\u00f3 una orden de aprehensi\u00f3n en contra de Jes\u00fas \u00c1ngel \u201cN\u201d, Salvador \u201cN\u201d y Azul \u201cN\u201d, por su probable responsabilidad en el delito de extorsi\u00f3n agravada, en agravio de una v\u00edctima de identidad reservada y del personal de un sitio de taxis, en el municipio de Acapulco de Ju\u00e1rez, Guerrero.<\/p>\n\n\n\n<p>De acuerdo con las investigaciones, los imputados est\u00e1n relacionados con hechos ocurridos en abril de 2026, en los que presuntamente realizaron actos de intimidaci\u00f3n para exigir pagos a la v\u00edctima a cambio de permitirle continuar con sus actividades laborales.<\/p>\n\n\n\n<p>Los detenidos ser\u00e1n puestos a disposici\u00f3n del Juez de Control que los requiere, a efecto de que se determine su situaci\u00f3n jur\u00eddica conforme a derecho.<\/p>\n\n\n\n<p>La Fiscal\u00eda General del Estado de Guerrero refrenda su compromiso de combatir el delito de extorsi\u00f3n y proteger a la ciudadan\u00eda, en coordinaci\u00f3n con autoridades estatales y federales.<\/p>\n","protected":false},"excerpt":{"rendered":"<p>Chilpancingo, Gro., a 27 de abril de 2026.\u2013 La Fiscal\u00eda General del Estado de Guerrero informa que, en coordinaci\u00f3n con la Secretar\u00eda de la Defensa Nacional (DEFENSA), Guardia Nacional (GN), Secretar\u00eda de Marina (SEMAR), Secretar\u00eda de Seguridad y Protecci\u00f3n Ciudadana (SSPC) y Polic\u00eda Estatal (SSPGro), cumpliment\u00f3 una orden de aprehensi\u00f3n en contra de Jes\u00fas \u00c1ngel [&hellip;]<\/p>\n","protected":false},"author":9,"featured_media":0,"comment_status":"closed","ping_status":"open","sticky":false,"template":"","format":"standard","meta":{"footnotes":""},"categories":[15],"tags":[],"class_list":["post-2398","post","type-post","status-publish","format-standard","hentry","category-noticias"],"gutentor_comment":0,"_links":{"self":[{"href":"https:\/\/fiscaliaguerrero.gob.mx\/index.php\/wp-json\/wp\/v2\/posts\/2398","targetHints":{"allow":["GET"]}}],"collection":[{"href":"https:\/\/fiscaliaguerrero.gob.mx\/index.php\/wp-json\/wp\/v2\/posts"}],"about":[{"href":"https:\/\/fiscaliaguerrero.gob.mx\/index.php\/wp-json\/wp\/v2\/types\/post"}],"author":[{"embeddable":true,"href":"https:\/\/fiscaliaguerrero.gob.mx\/index.php\/wp-json\/wp\/v2\/users\/9"}],"replies":[{"embeddable":true,"href":"https:\/\/fiscaliaguerrero.gob.mx\/index.php\/wp-json\/wp\/v2\/comments?post=2398"}],"version-history":[{"count":1,"href":"https:\/\/fiscaliaguerrero.gob.mx\/index.php\/wp-json\/wp\/v2\/posts\/2398\/revisions"}],"predecessor-version":[{"id":2400,"href":"https:\/\/fiscaliaguerrero.gob.mx\/index.php\/wp-json\/wp\/v2\/posts\/2398\/revisions\/2400"}],"wp:attachment":[{"href":"https:\/\/fiscaliaguerrero.gob.mx\/index.php\/wp-json\/wp\/v2\/media?parent=2398"}],"wp:term":[{"taxonomy":"category","embeddable":true,"href":"https:\/\/fiscaliaguerrero.gob.mx\/index.php\/wp-json\/wp\/v2\/categories?post=2398"},{"taxonomy":"post_tag","embeddable":true,"href":"https:\/\/fiscaliaguerrero.gob.mx\/index.php\/wp-json\/wp\/v2\/tags?post=2398"}],"curies":[{"name":"wp","href":"https:\/\/api.w.org\/{rel}","templated":true}]}}