{"id":2411,"date":"2026-04-29T17:02:28","date_gmt":"2026-04-29T15:02:28","guid":{"rendered":"https:\/\/fiscaliaguerrero.gob.mx\/?p=2411"},"modified":"2026-04-29T17:02:28","modified_gmt":"2026-04-29T15:02:28","slug":"fgeguerrero-cumplimenta-orden-de-aprehension-por-desaparicion-de-personas-en-atenango-del-rio","status":"publish","type":"post","link":"https:\/\/fiscaliaguerrero.gob.mx\/index.php\/2026\/04\/29\/fgeguerrero-cumplimenta-orden-de-aprehension-por-desaparicion-de-personas-en-atenango-del-rio\/","title":{"rendered":"FGEGuerrero cumplimenta orden de aprehensi\u00f3n por desaparici\u00f3n de personas en Atenango del R\u00edo"},"content":{"rendered":"\n<figure class=\"wp-block-image size-large\"><img loading=\"lazy\" decoding=\"async\" width=\"1024\" height=\"521\" src=\"https:\/\/fiscaliaguerrero.gob.mx\/wp-content\/uploads\/2026\/04\/18324144-afca-4bda-9f70-81a269469873-1024x521.jpeg\" alt=\"\" class=\"wp-image-2412\" srcset=\"https:\/\/fiscaliaguerrero.gob.mx\/wp-content\/uploads\/2026\/04\/18324144-afca-4bda-9f70-81a269469873-1024x521.jpeg 1024w, https:\/\/fiscaliaguerrero.gob.mx\/wp-content\/uploads\/2026\/04\/18324144-afca-4bda-9f70-81a269469873-300x153.jpeg 300w, https:\/\/fiscaliaguerrero.gob.mx\/wp-content\/uploads\/2026\/04\/18324144-afca-4bda-9f70-81a269469873-768x391.jpeg 768w, https:\/\/fiscaliaguerrero.gob.mx\/wp-content\/uploads\/2026\/04\/18324144-afca-4bda-9f70-81a269469873.jpeg 1247w\" sizes=\"auto, (max-width: 1024px) 100vw, 1024px\" \/><\/figure>\n\n\n\n<p>Chilpancingo, Gro., a 29 de abril de 2026.\u2013 La Fiscal\u00eda General del Estado de Guerrero cumpliment\u00f3 una orden de aprehensi\u00f3n en contra de dos personas, por su probable responsabilidad en el delito de desaparici\u00f3n de personas cometida por particulares, en agravio de Asunci\u00f3n \u201cN\u201d, Mario \u201cN\u201d, Diego \u201cN\u201d, Valente \u201cN\u201d, Crist\u00f3bal \u201cN\u201d, Heriberto \u201cN\u201d y Sebasti\u00e1n \u201cN\u201d, en el municipio de Atenango del R\u00edo, Guerrero.<\/p>\n\n\n\n<p>Los detenidos, identificados como Cornelio \u201cN\u201d y Samuel \u201cN\u201d, fueron asegurados en la localidad de Apanguito, tras labores de investigaci\u00f3n realizadas en el municipio de Atenango del R\u00edo. En la acci\u00f3n participaron, adem\u00e1s, la Secretar\u00eda de la Defensa Nacional (DEFENSA), Guardia Nacional (GN), Secretar\u00eda de Seguridad y Protecci\u00f3n Ciudadana (SSPC) y Polic\u00eda Estatal (SSPGro).<\/p>\n\n\n\n<p>De acuerdo con las investigaciones, los detenidos presuntamente se encuentran relacionados con hechos ocurridos en abril de 2026, en dicha localidad, donde habr\u00edan participado en la desaparici\u00f3n de las v\u00edctimas.<\/p>\n\n\n\n<p>Los imputados ser\u00e1n puestos a disposici\u00f3n del Juez de Control que los requiere, a efecto de que se determine su situaci\u00f3n jur\u00eddica conforme a derecho.<\/p>\n\n\n\n<p>La Fiscal\u00eda General del Estado de Guerrero refrenda su compromiso de continuar con acciones firmes para la localizaci\u00f3n de personas y el combate a la impunidad, en coordinaci\u00f3n con autoridades estatales y federales.<\/p>\n\n\n\n<p>\u2014ooOoo\u2014<\/p>\n","protected":false},"excerpt":{"rendered":"<p>Chilpancingo, Gro., a 29 de abril de 2026.\u2013 La Fiscal\u00eda General del Estado de Guerrero cumpliment\u00f3 una orden de aprehensi\u00f3n en contra de dos personas, por su probable responsabilidad en el delito de desaparici\u00f3n de personas cometida por particulares, en agravio de Asunci\u00f3n \u201cN\u201d, Mario \u201cN\u201d, Diego \u201cN\u201d, Valente \u201cN\u201d, Crist\u00f3bal \u201cN\u201d, Heriberto \u201cN\u201d y [&hellip;]<\/p>\n","protected":false},"author":9,"featured_media":0,"comment_status":"closed","ping_status":"open","sticky":false,"template":"","format":"standard","meta":{"footnotes":""},"categories":[15],"tags":[],"class_list":["post-2411","post","type-post","status-publish","format-standard","hentry","category-noticias"],"gutentor_comment":0,"_links":{"self":[{"href":"https:\/\/fiscaliaguerrero.gob.mx\/index.php\/wp-json\/wp\/v2\/posts\/2411","targetHints":{"allow":["GET"]}}],"collection":[{"href":"https:\/\/fiscaliaguerrero.gob.mx\/index.php\/wp-json\/wp\/v2\/posts"}],"about":[{"href":"https:\/\/fiscaliaguerrero.gob.mx\/index.php\/wp-json\/wp\/v2\/types\/post"}],"author":[{"embeddable":true,"href":"https:\/\/fiscaliaguerrero.gob.mx\/index.php\/wp-json\/wp\/v2\/users\/9"}],"replies":[{"embeddable":true,"href":"https:\/\/fiscaliaguerrero.gob.mx\/index.php\/wp-json\/wp\/v2\/comments?post=2411"}],"version-history":[{"count":1,"href":"https:\/\/fiscaliaguerrero.gob.mx\/index.php\/wp-json\/wp\/v2\/posts\/2411\/revisions"}],"predecessor-version":[{"id":2413,"href":"https:\/\/fiscaliaguerrero.gob.mx\/index.php\/wp-json\/wp\/v2\/posts\/2411\/revisions\/2413"}],"wp:attachment":[{"href":"https:\/\/fiscaliaguerrero.gob.mx\/index.php\/wp-json\/wp\/v2\/media?parent=2411"}],"wp:term":[{"taxonomy":"category","embeddable":true,"href":"https:\/\/fiscaliaguerrero.gob.mx\/index.php\/wp-json\/wp\/v2\/categories?post=2411"},{"taxonomy":"post_tag","embeddable":true,"href":"https:\/\/fiscaliaguerrero.gob.mx\/index.php\/wp-json\/wp\/v2\/tags?post=2411"}],"curies":[{"name":"wp","href":"https:\/\/api.w.org\/{rel}","templated":true}]}}