{"id":2439,"date":"2026-05-01T03:54:28","date_gmt":"2026-05-01T01:54:28","guid":{"rendered":"https:\/\/fiscaliaguerrero.gob.mx\/?p=2439"},"modified":"2026-05-01T03:54:28","modified_gmt":"2026-05-01T01:54:28","slug":"fge-guerrero-lleva-a-cabo-conferencia-titulada-igualdad-laboral-y-no-discriminacion","status":"publish","type":"post","link":"https:\/\/fiscaliaguerrero.gob.mx\/index.php\/2026\/05\/01\/fge-guerrero-lleva-a-cabo-conferencia-titulada-igualdad-laboral-y-no-discriminacion\/","title":{"rendered":"FGE Guerrero lleva a cabo conferencia titulada: \u201cIgualdad laboral y no discriminaci\u00f3n\u201d."},"content":{"rendered":"\n<p>Chilpancingo, Gro., a 30 de abril de 2026.\u2013 La Fiscal\u00eda General del Estado de Guerrero, a trav\u00e9s del Instituto de Formaci\u00f3n y Capacitaci\u00f3n Profesional, en coordinaci\u00f3n con la Comisi\u00f3n Nacional de los Derechos Humanos (CNDH), llev\u00f3 a cabo la conferencia titulada: \u201cIgualdad laboral y no discriminaci\u00f3n\u201d, impartida en modalidad \u00aba distancia\u00bb a trav\u00e9s de la plataforma digital Zoom, dirigida a servidoras y servidores p\u00fablicos de esta instituci\u00f3n, as\u00ed como p\u00fablico en general.<\/p>\n\n\n\n<p>Dicha conferencia, a cargo de la Mtro. Jos\u00e9 Maximiliano Santiago Arzate, ponente de la Comisi\u00f3n Nacional de los Derechos Humanos (CNDH), tuvo el objetivo brindar conocimientos a las personas servidoras p\u00fablicas sobre los derechos que garantizan el acceso al empleo, capacitaci\u00f3n y condiciones dignas sin distinci\u00f3n de g\u00e9nero, raza, edad o discapacidad, destacando en ese sentido, la Norma Mexicana NMX-R-025-SCFI-2015 que certifica centros de trabajo que aplican la igualdad de oportunidades, con la finalidad de eliminar barreras y promover la inclusi\u00f3n, el lenguaje no sexista y la corresponsabilidad familiar.<\/p>\n\n\n\n<p>La Fiscal\u00eda General del Estado de Guerrero refrenda su compromiso de fortalecer los conocimientos en materia de derechos humanos, a trav\u00e9s de capacitaciones permanentes, a fin de garantizar una atenci\u00f3n adecuada a la ciudadan\u00eda.<\/p>\n\n\n\n<figure class=\"wp-block-gallery has-nested-images columns-default is-cropped wp-block-gallery-1 is-layout-flex wp-block-gallery-is-layout-flex\">\n<figure class=\"wp-block-image size-large\"><img loading=\"lazy\" decoding=\"async\" width=\"1024\" height=\"576\" data-id=\"2441\" src=\"https:\/\/fiscaliaguerrero.gob.mx\/wp-content\/uploads\/2026\/05\/WhatsApp-Image-2026-04-30-at-6.03.19-PM-1-1024x576.jpeg\" alt=\"\" class=\"wp-image-2441\" srcset=\"https:\/\/fiscaliaguerrero.gob.mx\/wp-content\/uploads\/2026\/05\/WhatsApp-Image-2026-04-30-at-6.03.19-PM-1-1024x576.jpeg 1024w, https:\/\/fiscaliaguerrero.gob.mx\/wp-content\/uploads\/2026\/05\/WhatsApp-Image-2026-04-30-at-6.03.19-PM-1-300x169.jpeg 300w, https:\/\/fiscaliaguerrero.gob.mx\/wp-content\/uploads\/2026\/05\/WhatsApp-Image-2026-04-30-at-6.03.19-PM-1-768x432.jpeg 768w, https:\/\/fiscaliaguerrero.gob.mx\/wp-content\/uploads\/2026\/05\/WhatsApp-Image-2026-04-30-at-6.03.19-PM-1-1536x864.jpeg 1536w, https:\/\/fiscaliaguerrero.gob.mx\/wp-content\/uploads\/2026\/05\/WhatsApp-Image-2026-04-30-at-6.03.19-PM-1.jpeg 1600w\" sizes=\"auto, (max-width: 1024px) 100vw, 1024px\" \/><\/figure>\n\n\n\n<figure class=\"wp-block-image size-large\"><img loading=\"lazy\" decoding=\"async\" width=\"1024\" height=\"576\" data-id=\"2440\" src=\"https:\/\/fiscaliaguerrero.gob.mx\/wp-content\/uploads\/2026\/05\/WhatsApp-Image-2026-04-30-at-6.03.19-PM-2-1024x576.jpeg\" alt=\"\" class=\"wp-image-2440\" srcset=\"https:\/\/fiscaliaguerrero.gob.mx\/wp-content\/uploads\/2026\/05\/WhatsApp-Image-2026-04-30-at-6.03.19-PM-2-1024x576.jpeg 1024w, https:\/\/fiscaliaguerrero.gob.mx\/wp-content\/uploads\/2026\/05\/WhatsApp-Image-2026-04-30-at-6.03.19-PM-2-300x169.jpeg 300w, https:\/\/fiscaliaguerrero.gob.mx\/wp-content\/uploads\/2026\/05\/WhatsApp-Image-2026-04-30-at-6.03.19-PM-2-768x432.jpeg 768w, https:\/\/fiscaliaguerrero.gob.mx\/wp-content\/uploads\/2026\/05\/WhatsApp-Image-2026-04-30-at-6.03.19-PM-2-1536x864.jpeg 1536w, https:\/\/fiscaliaguerrero.gob.mx\/wp-content\/uploads\/2026\/05\/WhatsApp-Image-2026-04-30-at-6.03.19-PM-2.jpeg 1600w\" sizes=\"auto, (max-width: 1024px) 100vw, 1024px\" \/><\/figure>\n\n\n\n<figure class=\"wp-block-image size-large\"><img loading=\"lazy\" decoding=\"async\" width=\"1024\" height=\"576\" data-id=\"2443\" src=\"https:\/\/fiscaliaguerrero.gob.mx\/wp-content\/uploads\/2026\/05\/WhatsApp-Image-2026-04-30-at-6.03.19-PM-1024x576.jpeg\" alt=\"\" class=\"wp-image-2443\" srcset=\"https:\/\/fiscaliaguerrero.gob.mx\/wp-content\/uploads\/2026\/05\/WhatsApp-Image-2026-04-30-at-6.03.19-PM-1024x576.jpeg 1024w, https:\/\/fiscaliaguerrero.gob.mx\/wp-content\/uploads\/2026\/05\/WhatsApp-Image-2026-04-30-at-6.03.19-PM-300x169.jpeg 300w, https:\/\/fiscaliaguerrero.gob.mx\/wp-content\/uploads\/2026\/05\/WhatsApp-Image-2026-04-30-at-6.03.19-PM-768x432.jpeg 768w, https:\/\/fiscaliaguerrero.gob.mx\/wp-content\/uploads\/2026\/05\/WhatsApp-Image-2026-04-30-at-6.03.19-PM-1536x864.jpeg 1536w, https:\/\/fiscaliaguerrero.gob.mx\/wp-content\/uploads\/2026\/05\/WhatsApp-Image-2026-04-30-at-6.03.19-PM.jpeg 1600w\" sizes=\"auto, (max-width: 1024px) 100vw, 1024px\" \/><\/figure>\n\n\n\n<figure class=\"wp-block-image size-large\"><img loading=\"lazy\" decoding=\"async\" width=\"1024\" height=\"576\" data-id=\"2442\" src=\"https:\/\/fiscaliaguerrero.gob.mx\/wp-content\/uploads\/2026\/05\/WhatsApp-Image-2026-04-30-at-6.03.20-PM-1024x576.jpeg\" alt=\"\" class=\"wp-image-2442\" srcset=\"https:\/\/fiscaliaguerrero.gob.mx\/wp-content\/uploads\/2026\/05\/WhatsApp-Image-2026-04-30-at-6.03.20-PM-1024x576.jpeg 1024w, https:\/\/fiscaliaguerrero.gob.mx\/wp-content\/uploads\/2026\/05\/WhatsApp-Image-2026-04-30-at-6.03.20-PM-300x169.jpeg 300w, https:\/\/fiscaliaguerrero.gob.mx\/wp-content\/uploads\/2026\/05\/WhatsApp-Image-2026-04-30-at-6.03.20-PM-768x432.jpeg 768w, https:\/\/fiscaliaguerrero.gob.mx\/wp-content\/uploads\/2026\/05\/WhatsApp-Image-2026-04-30-at-6.03.20-PM-1536x864.jpeg 1536w, https:\/\/fiscaliaguerrero.gob.mx\/wp-content\/uploads\/2026\/05\/WhatsApp-Image-2026-04-30-at-6.03.20-PM.jpeg 1600w\" sizes=\"auto, (max-width: 1024px) 100vw, 1024px\" \/><\/figure>\n<\/figure>\n","protected":false},"excerpt":{"rendered":"<p>Chilpancingo, Gro., a 30 de abril de 2026.\u2013 La Fiscal\u00eda General del Estado de Guerrero, a trav\u00e9s del Instituto de Formaci\u00f3n y Capacitaci\u00f3n Profesional, en coordinaci\u00f3n con la Comisi\u00f3n Nacional de los Derechos Humanos (CNDH), llev\u00f3 a cabo la conferencia titulada: \u201cIgualdad laboral y no discriminaci\u00f3n\u201d, impartida en modalidad \u00aba distancia\u00bb a trav\u00e9s de la [&hellip;]<\/p>\n","protected":false},"author":8,"featured_media":0,"comment_status":"closed","ping_status":"open","sticky":false,"template":"","format":"standard","meta":{"footnotes":""},"categories":[15],"tags":[],"class_list":["post-2439","post","type-post","status-publish","format-standard","hentry","category-noticias"],"gutentor_comment":0,"_links":{"self":[{"href":"https:\/\/fiscaliaguerrero.gob.mx\/index.php\/wp-json\/wp\/v2\/posts\/2439","targetHints":{"allow":["GET"]}}],"collection":[{"href":"https:\/\/fiscaliaguerrero.gob.mx\/index.php\/wp-json\/wp\/v2\/posts"}],"about":[{"href":"https:\/\/fiscaliaguerrero.gob.mx\/index.php\/wp-json\/wp\/v2\/types\/post"}],"author":[{"embeddable":true,"href":"https:\/\/fiscaliaguerrero.gob.mx\/index.php\/wp-json\/wp\/v2\/users\/8"}],"replies":[{"embeddable":true,"href":"https:\/\/fiscaliaguerrero.gob.mx\/index.php\/wp-json\/wp\/v2\/comments?post=2439"}],"version-history":[{"count":1,"href":"https:\/\/fiscaliaguerrero.gob.mx\/index.php\/wp-json\/wp\/v2\/posts\/2439\/revisions"}],"predecessor-version":[{"id":2444,"href":"https:\/\/fiscaliaguerrero.gob.mx\/index.php\/wp-json\/wp\/v2\/posts\/2439\/revisions\/2444"}],"wp:attachment":[{"href":"https:\/\/fiscaliaguerrero.gob.mx\/index.php\/wp-json\/wp\/v2\/media?parent=2439"}],"wp:term":[{"taxonomy":"category","embeddable":true,"href":"https:\/\/fiscaliaguerrero.gob.mx\/index.php\/wp-json\/wp\/v2\/categories?post=2439"},{"taxonomy":"post_tag","embeddable":true,"href":"https:\/\/fiscaliaguerrero.gob.mx\/index.php\/wp-json\/wp\/v2\/tags?post=2439"}],"curies":[{"name":"wp","href":"https:\/\/api.w.org\/{rel}","templated":true}]}}