{"id":2445,"date":"2026-05-01T04:51:20","date_gmt":"2026-05-01T02:51:20","guid":{"rendered":"https:\/\/fiscaliaguerrero.gob.mx\/?p=2445"},"modified":"2026-05-01T04:51:20","modified_gmt":"2026-05-01T02:51:20","slug":"cumplimenta-fge-guerrero-orden-de-aprehension-por-homicidio-calificado-en-chilpancingo","status":"publish","type":"post","link":"https:\/\/fiscaliaguerrero.gob.mx\/index.php\/2026\/05\/01\/cumplimenta-fge-guerrero-orden-de-aprehension-por-homicidio-calificado-en-chilpancingo\/","title":{"rendered":"Cumplimenta FGE Guerrero orden de aprehensi\u00f3n por homicidio calificado en Chilpancingo"},"content":{"rendered":"\n<p>Chilpancingo, Gro., a 30 de abril de 2026.\u2013 Derivado de trabajos de investigaci\u00f3n de gabinete y campo, la Fiscal\u00eda General del Estado de Guerrero cumpliment\u00f3 una orden de aprehensi\u00f3n en contra de Edgar Yahir \u201cN\u201d, alias \u201cEl Botas\u201d, por su probable responsabilidad en el delito de homicidio calificado, en agravio de Miguel \u201cN\u201d, en el municipio de Chilpancingo de los Bravo, Guerrero.<\/p>\n\n\n\n<p>La detenci\u00f3n se llev\u00f3 a cabo, en la colonia Margarita Viguri, en el citado municipio.<\/p>\n\n\n\n<p>En esta acci\u00f3n participaron, en coordinaci\u00f3n, la Secretar\u00eda de la Defensa Nacional (DEFENSA), Guardia Nacional (GN), Secretar\u00eda de Seguridad y Protecci\u00f3n Ciudadana (SSPC) y Polic\u00eda Estatal (SSPGro).<\/p>\n\n\n\n<p>De acuerdo con las investigaciones, los hechos ocurrieron el 25 de febrero de 2026, cuando la v\u00edctima se encontraba en el exterior de su domicilio, ubicado en la colonia Juan N. \u00c1lvarez Norte. En ese momento, el imputado arrib\u00f3 al lugar y presuntamente realiz\u00f3 disparos de arma de fuego en contra de la v\u00edctima, priv\u00e1ndola de la vida, para posteriormente huir.<\/p>\n\n\n\n<p>El imputado ser\u00e1 puesto a disposici\u00f3n del Juez de Control que lo requiere, a efecto de que se determine su situaci\u00f3n jur\u00eddica conforme a derecho.<\/p>\n\n\n\n<p>La Fiscal\u00eda General del Estado de Guerrero refrenda su compromiso de investigar y sancionar los delitos que atenten contra la vida, en coordinaci\u00f3n con autoridades estatales y federales.<\/p>\n\n\n\n<figure class=\"wp-block-gallery has-nested-images columns-default is-cropped wp-block-gallery-1 is-layout-flex wp-block-gallery-is-layout-flex\">\n<figure class=\"wp-block-image size-large\"><img loading=\"lazy\" decoding=\"async\" width=\"1024\" height=\"552\" data-id=\"2446\" src=\"https:\/\/fiscaliaguerrero.gob.mx\/wp-content\/uploads\/2026\/05\/1-1-1024x552.jpeg\" alt=\"\" class=\"wp-image-2446\" srcset=\"https:\/\/fiscaliaguerrero.gob.mx\/wp-content\/uploads\/2026\/05\/1-1-1024x552.jpeg 1024w, https:\/\/fiscaliaguerrero.gob.mx\/wp-content\/uploads\/2026\/05\/1-1-300x162.jpeg 300w, https:\/\/fiscaliaguerrero.gob.mx\/wp-content\/uploads\/2026\/05\/1-1-768x414.jpeg 768w, https:\/\/fiscaliaguerrero.gob.mx\/wp-content\/uploads\/2026\/05\/1-1.jpeg 1280w\" sizes=\"auto, (max-width: 1024px) 100vw, 1024px\" \/><\/figure>\n<\/figure>\n","protected":false},"excerpt":{"rendered":"<p>Chilpancingo, Gro., a 30 de abril de 2026.\u2013 Derivado de trabajos de investigaci\u00f3n de gabinete y campo, la Fiscal\u00eda General del Estado de Guerrero cumpliment\u00f3 una orden de aprehensi\u00f3n en contra de Edgar Yahir \u201cN\u201d, alias \u201cEl Botas\u201d, por su probable responsabilidad en el delito de homicidio calificado, en agravio de Miguel \u201cN\u201d, en el [&hellip;]<\/p>\n","protected":false},"author":8,"featured_media":0,"comment_status":"closed","ping_status":"open","sticky":false,"template":"","format":"standard","meta":{"footnotes":""},"categories":[15],"tags":[],"class_list":["post-2445","post","type-post","status-publish","format-standard","hentry","category-noticias"],"gutentor_comment":0,"_links":{"self":[{"href":"https:\/\/fiscaliaguerrero.gob.mx\/index.php\/wp-json\/wp\/v2\/posts\/2445","targetHints":{"allow":["GET"]}}],"collection":[{"href":"https:\/\/fiscaliaguerrero.gob.mx\/index.php\/wp-json\/wp\/v2\/posts"}],"about":[{"href":"https:\/\/fiscaliaguerrero.gob.mx\/index.php\/wp-json\/wp\/v2\/types\/post"}],"author":[{"embeddable":true,"href":"https:\/\/fiscaliaguerrero.gob.mx\/index.php\/wp-json\/wp\/v2\/users\/8"}],"replies":[{"embeddable":true,"href":"https:\/\/fiscaliaguerrero.gob.mx\/index.php\/wp-json\/wp\/v2\/comments?post=2445"}],"version-history":[{"count":1,"href":"https:\/\/fiscaliaguerrero.gob.mx\/index.php\/wp-json\/wp\/v2\/posts\/2445\/revisions"}],"predecessor-version":[{"id":2447,"href":"https:\/\/fiscaliaguerrero.gob.mx\/index.php\/wp-json\/wp\/v2\/posts\/2445\/revisions\/2447"}],"wp:attachment":[{"href":"https:\/\/fiscaliaguerrero.gob.mx\/index.php\/wp-json\/wp\/v2\/media?parent=2445"}],"wp:term":[{"taxonomy":"category","embeddable":true,"href":"https:\/\/fiscaliaguerrero.gob.mx\/index.php\/wp-json\/wp\/v2\/categories?post=2445"},{"taxonomy":"post_tag","embeddable":true,"href":"https:\/\/fiscaliaguerrero.gob.mx\/index.php\/wp-json\/wp\/v2\/tags?post=2445"}],"curies":[{"name":"wp","href":"https:\/\/api.w.org\/{rel}","templated":true}]}}