{"id":2462,"date":"2026-05-02T21:24:22","date_gmt":"2026-05-02T19:24:22","guid":{"rendered":"https:\/\/fiscaliaguerrero.gob.mx\/?p=2462"},"modified":"2026-05-02T21:24:22","modified_gmt":"2026-05-02T19:24:22","slug":"detienen-a-un-hombre-por-disparos-de-arma-de-fuego-en-acapulco","status":"publish","type":"post","link":"https:\/\/fiscaliaguerrero.gob.mx\/index.php\/2026\/05\/02\/detienen-a-un-hombre-por-disparos-de-arma-de-fuego-en-acapulco\/","title":{"rendered":"Detienen a un hombre por disparos de arma de fuego en Acapulco"},"content":{"rendered":"\n<figure class=\"wp-block-image size-large\"><img loading=\"lazy\" decoding=\"async\" width=\"1024\" height=\"586\" src=\"https:\/\/fiscaliaguerrero.gob.mx\/wp-content\/uploads\/2026\/05\/Diseno-sin-titulo-1024x586.jpeg\" alt=\"\" class=\"wp-image-2463\" srcset=\"https:\/\/fiscaliaguerrero.gob.mx\/wp-content\/uploads\/2026\/05\/Diseno-sin-titulo-1024x586.jpeg 1024w, https:\/\/fiscaliaguerrero.gob.mx\/wp-content\/uploads\/2026\/05\/Diseno-sin-titulo-300x172.jpeg 300w, https:\/\/fiscaliaguerrero.gob.mx\/wp-content\/uploads\/2026\/05\/Diseno-sin-titulo-768x440.jpeg 768w, https:\/\/fiscaliaguerrero.gob.mx\/wp-content\/uploads\/2026\/05\/Diseno-sin-titulo-1536x879.jpeg 1536w, https:\/\/fiscaliaguerrero.gob.mx\/wp-content\/uploads\/2026\/05\/Diseno-sin-titulo.jpeg 2048w\" sizes=\"auto, (max-width: 1024px) 100vw, 1024px\" \/><\/figure>\n\n\n\n<p>Chilpancingo, Gro., a 02 de mayo de 2026.\u2013 Personal de la Polic\u00eda Estatal en coordinaci\u00f3n con la Fiscal\u00eda General del Estado, Secretar\u00eda de la Defensa Nacional (DEFENSA), Guardia Nacional (GN), Secretar\u00eda de Marina (SEMAR) y Secretar\u00eda de Seguridad y Protecci\u00f3n Ciudadana (SSPC), realiz\u00f3 la detenci\u00f3n en flagrancia de Abel Santiago \u201cN\u201d, en el municipio de Acapulco de Ju\u00e1rez, Guerrero.<\/p>\n\n\n\n<p>La acci\u00f3n se llev\u00f3 a cabo en el fraccionamiento Tulipanes, derivado de un reporte por detonaciones de arma de fuego.<\/p>\n\n\n\n<p>De acuerdo con las investigaciones, los hechos ocurrieron el 2 de mayo de 2026, cuando el imputado presuntamente realiz\u00f3 disparos de arma de fuego en contra de un hombre.<\/p>\n\n\n\n<p>Durante la detenci\u00f3n fueron asegurados los siguientes indicios:<\/p>\n\n\n\n<p>\u2014 01 arma de fuego corta, calibre .380.<br>\u2014 01 veh\u00edculo color azul.<br>\u2014 01 motocicleta color negro con rojo.<br>\u2014 Casquillos percutidos y cartuchos \u00fatiles.<\/p>\n\n\n\n<p>El detenido y los indicios asegurados fueron puestos a disposici\u00f3n del Agente del Ministerio P\u00fablico, para la integraci\u00f3n de la carpeta de investigaci\u00f3n correspondiente y la determinaci\u00f3n de su situaci\u00f3n jur\u00eddica conforme a derecho.<\/p>\n\n\n\n<p>La Fiscal\u00eda General del Estado de Guerrero refrenda su compromiso de actuar con firmeza ante hechos que pongan en riesgo la integridad de las personas, en coordinaci\u00f3n con autoridades de los tres \u00f3rdenes de gobierno.<\/p>\n\n\n\n<p>\u2014ooOoo\u2014<\/p>\n","protected":false},"excerpt":{"rendered":"<p>Chilpancingo, Gro., a 02 de mayo de 2026.\u2013 Personal de la Polic\u00eda Estatal en coordinaci\u00f3n con la Fiscal\u00eda General del Estado, Secretar\u00eda de la Defensa Nacional (DEFENSA), Guardia Nacional (GN), Secretar\u00eda de Marina (SEMAR) y Secretar\u00eda de Seguridad y Protecci\u00f3n Ciudadana (SSPC), realiz\u00f3 la detenci\u00f3n en flagrancia de Abel Santiago \u201cN\u201d, en el municipio de [&hellip;]<\/p>\n","protected":false},"author":9,"featured_media":0,"comment_status":"closed","ping_status":"open","sticky":false,"template":"","format":"standard","meta":{"footnotes":""},"categories":[15],"tags":[],"class_list":["post-2462","post","type-post","status-publish","format-standard","hentry","category-noticias"],"gutentor_comment":0,"_links":{"self":[{"href":"https:\/\/fiscaliaguerrero.gob.mx\/index.php\/wp-json\/wp\/v2\/posts\/2462","targetHints":{"allow":["GET"]}}],"collection":[{"href":"https:\/\/fiscaliaguerrero.gob.mx\/index.php\/wp-json\/wp\/v2\/posts"}],"about":[{"href":"https:\/\/fiscaliaguerrero.gob.mx\/index.php\/wp-json\/wp\/v2\/types\/post"}],"author":[{"embeddable":true,"href":"https:\/\/fiscaliaguerrero.gob.mx\/index.php\/wp-json\/wp\/v2\/users\/9"}],"replies":[{"embeddable":true,"href":"https:\/\/fiscaliaguerrero.gob.mx\/index.php\/wp-json\/wp\/v2\/comments?post=2462"}],"version-history":[{"count":1,"href":"https:\/\/fiscaliaguerrero.gob.mx\/index.php\/wp-json\/wp\/v2\/posts\/2462\/revisions"}],"predecessor-version":[{"id":2464,"href":"https:\/\/fiscaliaguerrero.gob.mx\/index.php\/wp-json\/wp\/v2\/posts\/2462\/revisions\/2464"}],"wp:attachment":[{"href":"https:\/\/fiscaliaguerrero.gob.mx\/index.php\/wp-json\/wp\/v2\/media?parent=2462"}],"wp:term":[{"taxonomy":"category","embeddable":true,"href":"https:\/\/fiscaliaguerrero.gob.mx\/index.php\/wp-json\/wp\/v2\/categories?post=2462"},{"taxonomy":"post_tag","embeddable":true,"href":"https:\/\/fiscaliaguerrero.gob.mx\/index.php\/wp-json\/wp\/v2\/tags?post=2462"}],"curies":[{"name":"wp","href":"https:\/\/api.w.org\/{rel}","templated":true}]}}