{"id":2465,"date":"2026-05-03T05:31:40","date_gmt":"2026-05-03T03:31:40","guid":{"rendered":"https:\/\/fiscaliaguerrero.gob.mx\/?p=2465"},"modified":"2026-05-03T05:31:40","modified_gmt":"2026-05-03T03:31:40","slug":"ejecuta-fgeguerrero-orden-de-cateo-en-iguala-aseguran-armas-droga-y-vehiculo-con-reporte-de-robo","status":"publish","type":"post","link":"https:\/\/fiscaliaguerrero.gob.mx\/index.php\/2026\/05\/03\/ejecuta-fgeguerrero-orden-de-cateo-en-iguala-aseguran-armas-droga-y-vehiculo-con-reporte-de-robo\/","title":{"rendered":"Ejecuta #FGEGuerrero orden de cateo en Iguala; aseguran armas, droga y veh\u00edculo con reporte de robo"},"content":{"rendered":"\n<p>Chilpancingo, Gro., a 02 de mayo de 2026.\u2013 La Fiscal\u00eda General del Estado de Guerrero ejecut\u00f3 una orden de cateo en un inmueble presuntamente utilizado para actividades il\u00edcitas, en el municipio de Iguala de la Independencia, Guerrero.<\/p>\n\n\n\n<p>La diligencia se llev\u00f3 a cabo con el apoyo de la Secretar\u00eda de la Defensa Nacional (DEFENSA), Guardia Nacional (GN), Secretar\u00eda de Seguridad y Protecci\u00f3n Ciudadana (SSPC) y Polic\u00eda Estatal (SSPGro).<\/p>\n\n\n\n<p>Esta acci\u00f3n deriva de las investigaciones iniciadas tras la localizaci\u00f3n de tres personas sin vida, el pasado 30 de abril de 2026, sobre la carretera hacia el poblado de Cocula, Guerrero.<\/p>\n\n\n\n<p>Durante la diligencia, se aseguraron los siguientes indicios:<\/p>\n\n\n\n<p>\u2014 01 camioneta con reporte de robo.<br>\u2014 02 armas largas.<br>\u2014 06 cargadores.<br>\u2014 139 cartuchos \u00fatiles.<br>\u2014 17 bolsas con sustancia con caracter\u00edsticas similares al cristal.<br>\u2014 20 bolsas con sustancia con caracter\u00edsticas similares a la marihuana.<\/p>\n\n\n\n<p>El inmueble qued\u00f3 asegurado para la continuaci\u00f3n de las diligencias correspondientes.<\/p>\n\n\n\n<p>La Fiscal\u00eda General del Estado de Guerrero contin\u00faa con la integraci\u00f3n de la carpeta de investigaci\u00f3n para el esclarecimiento de los hechos y la identificaci\u00f3n de los probables responsables, en coordinaci\u00f3n con autoridades de los tres \u00f3rdenes de gobierno.<\/p>\n\n\n\n<p>\u2014ooOoo\u2014<\/p>\n\n\n\n<figure class=\"wp-block-image size-large\"><img loading=\"lazy\" decoding=\"async\" width=\"1024\" height=\"767\" src=\"https:\/\/fiscaliaguerrero.gob.mx\/wp-content\/uploads\/2026\/05\/f31b3ac7-004c-4c73-bf5b-c39a440f9b94-1024x767.jpeg\" alt=\"\" class=\"wp-image-2467\" srcset=\"https:\/\/fiscaliaguerrero.gob.mx\/wp-content\/uploads\/2026\/05\/f31b3ac7-004c-4c73-bf5b-c39a440f9b94-1024x767.jpeg 1024w, https:\/\/fiscaliaguerrero.gob.mx\/wp-content\/uploads\/2026\/05\/f31b3ac7-004c-4c73-bf5b-c39a440f9b94-300x225.jpeg 300w, https:\/\/fiscaliaguerrero.gob.mx\/wp-content\/uploads\/2026\/05\/f31b3ac7-004c-4c73-bf5b-c39a440f9b94-768x575.jpeg 768w, https:\/\/fiscaliaguerrero.gob.mx\/wp-content\/uploads\/2026\/05\/f31b3ac7-004c-4c73-bf5b-c39a440f9b94.jpeg 1206w\" sizes=\"auto, (max-width: 1024px) 100vw, 1024px\" \/><\/figure>\n\n\n\n<figure class=\"wp-block-image size-large\"><img loading=\"lazy\" decoding=\"async\" width=\"1024\" height=\"640\" src=\"https:\/\/fiscaliaguerrero.gob.mx\/wp-content\/uploads\/2026\/05\/4c66d284-fbc3-4ead-be92-3d80ad1d93a8-1024x640.jpeg\" alt=\"\" class=\"wp-image-2468\" srcset=\"https:\/\/fiscaliaguerrero.gob.mx\/wp-content\/uploads\/2026\/05\/4c66d284-fbc3-4ead-be92-3d80ad1d93a8-1024x640.jpeg 1024w, https:\/\/fiscaliaguerrero.gob.mx\/wp-content\/uploads\/2026\/05\/4c66d284-fbc3-4ead-be92-3d80ad1d93a8-300x187.jpeg 300w, https:\/\/fiscaliaguerrero.gob.mx\/wp-content\/uploads\/2026\/05\/4c66d284-fbc3-4ead-be92-3d80ad1d93a8-768x480.jpeg 768w, https:\/\/fiscaliaguerrero.gob.mx\/wp-content\/uploads\/2026\/05\/4c66d284-fbc3-4ead-be92-3d80ad1d93a8.jpeg 1199w\" sizes=\"auto, (max-width: 1024px) 100vw, 1024px\" \/><\/figure>\n","protected":false},"excerpt":{"rendered":"<p>Chilpancingo, Gro., a 02 de mayo de 2026.\u2013 La Fiscal\u00eda General del Estado de Guerrero ejecut\u00f3 una orden de cateo en un inmueble presuntamente utilizado para actividades il\u00edcitas, en el municipio de Iguala de la Independencia, Guerrero. La diligencia se llev\u00f3 a cabo con el apoyo de la Secretar\u00eda de la Defensa Nacional (DEFENSA), Guardia [&hellip;]<\/p>\n","protected":false},"author":10,"featured_media":2466,"comment_status":"closed","ping_status":"open","sticky":false,"template":"","format":"standard","meta":{"footnotes":""},"categories":[15],"tags":[],"class_list":["post-2465","post","type-post","status-publish","format-standard","has-post-thumbnail","hentry","category-noticias"],"gutentor_comment":0,"_links":{"self":[{"href":"https:\/\/fiscaliaguerrero.gob.mx\/index.php\/wp-json\/wp\/v2\/posts\/2465","targetHints":{"allow":["GET"]}}],"collection":[{"href":"https:\/\/fiscaliaguerrero.gob.mx\/index.php\/wp-json\/wp\/v2\/posts"}],"about":[{"href":"https:\/\/fiscaliaguerrero.gob.mx\/index.php\/wp-json\/wp\/v2\/types\/post"}],"author":[{"embeddable":true,"href":"https:\/\/fiscaliaguerrero.gob.mx\/index.php\/wp-json\/wp\/v2\/users\/10"}],"replies":[{"embeddable":true,"href":"https:\/\/fiscaliaguerrero.gob.mx\/index.php\/wp-json\/wp\/v2\/comments?post=2465"}],"version-history":[{"count":1,"href":"https:\/\/fiscaliaguerrero.gob.mx\/index.php\/wp-json\/wp\/v2\/posts\/2465\/revisions"}],"predecessor-version":[{"id":2469,"href":"https:\/\/fiscaliaguerrero.gob.mx\/index.php\/wp-json\/wp\/v2\/posts\/2465\/revisions\/2469"}],"wp:featuredmedia":[{"embeddable":true,"href":"https:\/\/fiscaliaguerrero.gob.mx\/index.php\/wp-json\/wp\/v2\/media\/2466"}],"wp:attachment":[{"href":"https:\/\/fiscaliaguerrero.gob.mx\/index.php\/wp-json\/wp\/v2\/media?parent=2465"}],"wp:term":[{"taxonomy":"category","embeddable":true,"href":"https:\/\/fiscaliaguerrero.gob.mx\/index.php\/wp-json\/wp\/v2\/categories?post=2465"},{"taxonomy":"post_tag","embeddable":true,"href":"https:\/\/fiscaliaguerrero.gob.mx\/index.php\/wp-json\/wp\/v2\/tags?post=2465"}],"curies":[{"name":"wp","href":"https:\/\/api.w.org\/{rel}","templated":true}]}}