{"id":4580,"date":"2026-08-10T20:00:00","date_gmt":"2026-08-10T18:00:00","guid":{"rendered":"https:\/\/fiscaliaguerrero.gob.mx\/?p=4580"},"modified":"2026-08-11T01:39:06","modified_gmt":"2026-08-10T23:39:06","slug":"fgeguerrero-da-inicio-a-la-tercera-jornada-de-denuncia-toma-de-muestras-biologicas-y-aplicacion-de-cuestionario-am-en-tlapa","status":"publish","type":"post","link":"https:\/\/fiscaliaguerrero.gob.mx\/index.php\/2026\/08\/10\/fgeguerrero-da-inicio-a-la-tercera-jornada-de-denuncia-toma-de-muestras-biologicas-y-aplicacion-de-cuestionario-am-en-tlapa\/","title":{"rendered":"FGEGuerrero da inicio a la Tercera Jornada de Denuncia, Toma de Muestras Biol\u00f3gicas y Aplicaci\u00f3n de Cuestionario AM en Tlapa"},"content":{"rendered":"\n<figure class=\"wp-block-gallery has-nested-images columns-default is-cropped wp-block-gallery-1 is-layout-flex wp-block-gallery-is-layout-flex\">\n<figure class=\"wp-block-image size-large\"><img loading=\"lazy\" decoding=\"async\" width=\"1024\" height=\"419\" data-id=\"4582\" src=\"https:\/\/fiscaliaguerrero.gob.mx\/wp-content\/uploads\/2026\/08\/6ae93376-4abc-4c02-b9b6-10b9bc864eae-1024x419.jpeg\" alt=\"\" class=\"wp-image-4582\" srcset=\"https:\/\/fiscaliaguerrero.gob.mx\/wp-content\/uploads\/2026\/08\/6ae93376-4abc-4c02-b9b6-10b9bc864eae-1024x419.jpeg 1024w, https:\/\/fiscaliaguerrero.gob.mx\/wp-content\/uploads\/2026\/08\/6ae93376-4abc-4c02-b9b6-10b9bc864eae-300x123.jpeg 300w, https:\/\/fiscaliaguerrero.gob.mx\/wp-content\/uploads\/2026\/08\/6ae93376-4abc-4c02-b9b6-10b9bc864eae-768x314.jpeg 768w, https:\/\/fiscaliaguerrero.gob.mx\/wp-content\/uploads\/2026\/08\/6ae93376-4abc-4c02-b9b6-10b9bc864eae-1536x628.jpeg 1536w, https:\/\/fiscaliaguerrero.gob.mx\/wp-content\/uploads\/2026\/08\/6ae93376-4abc-4c02-b9b6-10b9bc864eae.jpeg 1600w\" sizes=\"auto, (max-width: 1024px) 100vw, 1024px\" \/><\/figure>\n\n\n\n<figure class=\"wp-block-image size-large\"><img loading=\"lazy\" decoding=\"async\" width=\"449\" height=\"654\" data-id=\"4581\" src=\"https:\/\/fiscaliaguerrero.gob.mx\/wp-content\/uploads\/2026\/08\/3b8753ae-f454-4dec-8dd4-f7bd4b1f0d55.jpeg\" alt=\"\" class=\"wp-image-4581\" srcset=\"https:\/\/fiscaliaguerrero.gob.mx\/wp-content\/uploads\/2026\/08\/3b8753ae-f454-4dec-8dd4-f7bd4b1f0d55.jpeg 449w, https:\/\/fiscaliaguerrero.gob.mx\/wp-content\/uploads\/2026\/08\/3b8753ae-f454-4dec-8dd4-f7bd4b1f0d55-206x300.jpeg 206w\" sizes=\"auto, (max-width: 449px) 100vw, 449px\" \/><\/figure>\n\n\n\n<figure class=\"wp-block-image size-large\"><img loading=\"lazy\" decoding=\"async\" width=\"554\" height=\"654\" data-id=\"4583\" src=\"https:\/\/fiscaliaguerrero.gob.mx\/wp-content\/uploads\/2026\/08\/b57a5a41-8e57-4fd1-8f28-50d05466a811.jpeg\" alt=\"\" class=\"wp-image-4583\" srcset=\"https:\/\/fiscaliaguerrero.gob.mx\/wp-content\/uploads\/2026\/08\/b57a5a41-8e57-4fd1-8f28-50d05466a811.jpeg 554w, https:\/\/fiscaliaguerrero.gob.mx\/wp-content\/uploads\/2026\/08\/b57a5a41-8e57-4fd1-8f28-50d05466a811-254x300.jpeg 254w\" sizes=\"auto, (max-width: 554px) 100vw, 554px\" \/><\/figure>\n\n\n\n<figure class=\"wp-block-image size-large\"><img loading=\"lazy\" decoding=\"async\" width=\"1024\" height=\"419\" data-id=\"4584\" src=\"https:\/\/fiscaliaguerrero.gob.mx\/wp-content\/uploads\/2026\/08\/5e359291-e5de-4f9c-9ad7-a65d64fd4ddc-1024x419.jpeg\" alt=\"\" class=\"wp-image-4584\" srcset=\"https:\/\/fiscaliaguerrero.gob.mx\/wp-content\/uploads\/2026\/08\/5e359291-e5de-4f9c-9ad7-a65d64fd4ddc-1024x419.jpeg 1024w, https:\/\/fiscaliaguerrero.gob.mx\/wp-content\/uploads\/2026\/08\/5e359291-e5de-4f9c-9ad7-a65d64fd4ddc-300x123.jpeg 300w, https:\/\/fiscaliaguerrero.gob.mx\/wp-content\/uploads\/2026\/08\/5e359291-e5de-4f9c-9ad7-a65d64fd4ddc-768x314.jpeg 768w, https:\/\/fiscaliaguerrero.gob.mx\/wp-content\/uploads\/2026\/08\/5e359291-e5de-4f9c-9ad7-a65d64fd4ddc-1536x628.jpeg 1536w, https:\/\/fiscaliaguerrero.gob.mx\/wp-content\/uploads\/2026\/08\/5e359291-e5de-4f9c-9ad7-a65d64fd4ddc.jpeg 1600w\" sizes=\"auto, (max-width: 1024px) 100vw, 1024px\" \/><\/figure>\n<\/figure>\n\n\n\n<p class=\"wp-block-paragraph\">Tlapa de Comonfort, Gro., 10 de agosto de 2026.- La Fiscal\u00eda General del Estado de Guerrero, a trav\u00e9s de la Fiscal\u00eda Especializada en Materia de Desaparici\u00f3n Forzada y B\u00fasqueda de Personas Desaparecidas, inici\u00f3 este lunes la Tercera Jornada de Denuncia, Toma de Muestras Biol\u00f3gicas y Aplicaci\u00f3n de Cuestionario AM, con el prop\u00f3sito de fortalecer la atenci\u00f3n integral a familiares de personas desaparecidas y avanzar en las acciones de investigaci\u00f3n, b\u00fasqueda e identificaci\u00f3n.<\/p>\n\n\n\n<p class=\"wp-block-paragraph\">Durante esta jornada se brind\u00f3 atenci\u00f3n para el inicio y seguimiento de denuncias, toma de muestras para la obtenci\u00f3n de perfiles gen\u00e9ticos y aplicaci\u00f3n de cuestionarios Ante Mortem (AM), herramientas fundamentales para integrar y fortalecer la informaci\u00f3n relacionada con personas desaparecidas.<\/p>\n\n\n\n<p class=\"wp-block-paragraph\">Asimismo, se instalaron mesas de trabajo para la revisi\u00f3n de carpetas de investigaci\u00f3n y se desarrollaron acciones para recabar informaci\u00f3n destinada a la elaboraci\u00f3n y actualizaci\u00f3n de fichas de b\u00fasqueda, adem\u00e1s de identificar posibles requerimientos de intervenci\u00f3n y acompa\u00f1amiento en operativos.<\/p>\n\n\n\n<p class=\"wp-block-paragraph\">En estos trabajos, particip\u00f3 personal de Ministerios P\u00fablicos de la Fiscal\u00eda Especializada, Protocolo Alba Guerrero, Servicios Periciales, Qu\u00edmica Forense y Psicolog\u00eda de la FGE Guerrero, en coordinaci\u00f3n con personal de la Comisi\u00f3n Estatal de B\u00fasqueda de Personas, la Comisi\u00f3n Ejecutiva Estatal de Atenci\u00f3n a V\u00edctimas y la Comisi\u00f3n de los Derechos Humanos del Estado de Guerrero.<\/p>\n\n\n\n<p class=\"wp-block-paragraph\">La jornada cuenta tambi\u00e9n con el acompa\u00f1amiento de colectivos, como el Centro de Derechos Humanos de la Monta\u00f1a Tlachinollan y el Colectivo Luci\u00e9rnagas, con la finalidad de mantener una atenci\u00f3n coordinada y cercana a las v\u00edctimas indirectas de personas desaparecidas.<\/p>\n\n\n\n<p class=\"wp-block-paragraph\">Como parte de los servicios proporcionados, se brinda acompa\u00f1amiento psicol\u00f3gico y asesor\u00eda jur\u00eddica, adem\u00e1s de orientaci\u00f3n para el acceso al Registro Estatal de V\u00edctimas y la canalizaci\u00f3n de las necesidades espec\u00edficas planteadas por las familias.<\/p>\n\n\n\n<p class=\"wp-block-paragraph\">La Fiscal\u00eda General del Estado de Guerrero reafirma su compromiso de trabajar de manera permanente, coordinada y con sensibilidad hacia las v\u00edctimas, fortaleciendo las investigaciones y las acciones de b\u00fasqueda e identificaci\u00f3n de personas desaparecidas, con estricto apego a la ley, respeto a los derechos humanos y atenci\u00f3n digna a sus familiares.<\/p>\n","protected":false},"excerpt":{"rendered":"<p>Tlapa de Comonfort, Gro., 10 de agosto de 2026.- La Fiscal\u00eda General del Estado de Guerrero, a trav\u00e9s de la Fiscal\u00eda Especializada en Materia de Desaparici\u00f3n Forzada y B\u00fasqueda de Personas Desaparecidas, inici\u00f3 este lunes la Tercera Jornada de Denuncia, Toma de Muestras Biol\u00f3gicas y Aplicaci\u00f3n de Cuestionario AM, con el prop\u00f3sito de fortalecer la [&hellip;]<\/p>\n","protected":false},"author":9,"featured_media":0,"comment_status":"closed","ping_status":"open","sticky":false,"template":"","format":"standard","meta":{"footnotes":""},"categories":[15],"tags":[],"class_list":["post-4580","post","type-post","status-publish","format-standard","hentry","category-noticias"],"gutentor_comment":0,"_links":{"self":[{"href":"https:\/\/fiscaliaguerrero.gob.mx\/index.php\/wp-json\/wp\/v2\/posts\/4580","targetHints":{"allow":["GET"]}}],"collection":[{"href":"https:\/\/fiscaliaguerrero.gob.mx\/index.php\/wp-json\/wp\/v2\/posts"}],"about":[{"href":"https:\/\/fiscaliaguerrero.gob.mx\/index.php\/wp-json\/wp\/v2\/types\/post"}],"author":[{"embeddable":true,"href":"https:\/\/fiscaliaguerrero.gob.mx\/index.php\/wp-json\/wp\/v2\/users\/9"}],"replies":[{"embeddable":true,"href":"https:\/\/fiscaliaguerrero.gob.mx\/index.php\/wp-json\/wp\/v2\/comments?post=4580"}],"version-history":[{"count":1,"href":"https:\/\/fiscaliaguerrero.gob.mx\/index.php\/wp-json\/wp\/v2\/posts\/4580\/revisions"}],"predecessor-version":[{"id":4585,"href":"https:\/\/fiscaliaguerrero.gob.mx\/index.php\/wp-json\/wp\/v2\/posts\/4580\/revisions\/4585"}],"wp:attachment":[{"href":"https:\/\/fiscaliaguerrero.gob.mx\/index.php\/wp-json\/wp\/v2\/media?parent=4580"}],"wp:term":[{"taxonomy":"category","embeddable":true,"href":"https:\/\/fiscaliaguerrero.gob.mx\/index.php\/wp-json\/wp\/v2\/categories?post=4580"},{"taxonomy":"post_tag","embeddable":true,"href":"https:\/\/fiscaliaguerrero.gob.mx\/index.php\/wp-json\/wp\/v2\/tags?post=4580"}],"curies":[{"name":"wp","href":"https:\/\/api.w.org\/{rel}","templated":true}]}}