{"id":4875,"date":"2026-08-25T17:10:14","date_gmt":"2026-08-25T15:10:14","guid":{"rendered":"https:\/\/fiscaliaguerrero.gob.mx\/?p=4875"},"modified":"2026-08-25T17:10:14","modified_gmt":"2026-08-25T15:10:14","slug":"obtiene-fgeguerrero-vinculacion-a-proceso-contra-dos-integrantes-de-los-rusos-por-homicidio-de-ronald-notiexpres-en-acapulco","status":"publish","type":"post","link":"https:\/\/fiscaliaguerrero.gob.mx\/index.php\/2026\/08\/25\/obtiene-fgeguerrero-vinculacion-a-proceso-contra-dos-integrantes-de-los-rusos-por-homicidio-de-ronald-notiexpres-en-acapulco\/","title":{"rendered":"Obtiene FGEGuerrero vinculaci\u00f3n a proceso contra dos integrantes de \u201cLos Rusos\u201d por homicidio de \u201cRonald NotiExpres\u201d en Acapulco"},"content":{"rendered":"\n<figure class=\"wp-block-image size-large\"><img loading=\"lazy\" decoding=\"async\" width=\"1024\" height=\"1024\" src=\"https:\/\/fiscaliaguerrero.gob.mx\/wp-content\/uploads\/2026\/08\/d0cbfe19-9c7a-4973-9d89-08d33fe49ae9-1024x1024.jpeg\" alt=\"\" class=\"wp-image-4876\" srcset=\"https:\/\/fiscaliaguerrero.gob.mx\/wp-content\/uploads\/2026\/08\/d0cbfe19-9c7a-4973-9d89-08d33fe49ae9-1024x1024.jpeg 1024w, https:\/\/fiscaliaguerrero.gob.mx\/wp-content\/uploads\/2026\/08\/d0cbfe19-9c7a-4973-9d89-08d33fe49ae9-300x300.jpeg 300w, https:\/\/fiscaliaguerrero.gob.mx\/wp-content\/uploads\/2026\/08\/d0cbfe19-9c7a-4973-9d89-08d33fe49ae9-150x150.jpeg 150w, https:\/\/fiscaliaguerrero.gob.mx\/wp-content\/uploads\/2026\/08\/d0cbfe19-9c7a-4973-9d89-08d33fe49ae9-768x768.jpeg 768w, https:\/\/fiscaliaguerrero.gob.mx\/wp-content\/uploads\/2026\/08\/d0cbfe19-9c7a-4973-9d89-08d33fe49ae9-1536x1536.jpeg 1536w, https:\/\/fiscaliaguerrero.gob.mx\/wp-content\/uploads\/2026\/08\/d0cbfe19-9c7a-4973-9d89-08d33fe49ae9-2048x2048.jpeg 2048w\" sizes=\"auto, (max-width: 1024px) 100vw, 1024px\" \/><\/figure>\n\n\n\n<p class=\"wp-block-paragraph\">Chilpancingo, Gro., a 25 de agosto de 2026.\u2013 La Fiscal\u00eda General del Estado de Guerrero obtuvo la vinculaci\u00f3n a proceso de Yan \u201cN\u201d y Ren\u00e9 \u201cN\u201d, identificados como integrantes del grupo delictivo \u201cLos Rusos\u201d, por su probable responsabilidad en el delito de homicidio calificado, cometido en agravio de Ronald \u201cN\u201d, conocido como \u201cRonald NotiExpres\u201d, en Acapulco de Ju\u00e1rez.<\/p>\n\n\n\n<p class=\"wp-block-paragraph\">Durante la continuaci\u00f3n de la audiencia inicial, el Ministerio P\u00fablico present\u00f3 los datos de prueba recabados durante la investigaci\u00f3n, los cuales fueron considerados suficientes por la autoridad judicial para dictar auto de vinculaci\u00f3n a proceso contra ambos imputados.<\/p>\n\n\n\n<p class=\"wp-block-paragraph\">Asimismo, la autoridad judicial determin\u00f3 que Yan \u201cN\u201d y Ren\u00e9 \u201cN\u201d continuar\u00e1n bajo la medida cautelar decretada, permaneciendo internos en el Centro Regional de Reinserci\u00f3n Social de Chilpancingo.<\/p>\n\n\n\n<p class=\"wp-block-paragraph\">De acuerdo con las investigaciones, los imputados estar\u00edan relacionados con los hechos ocurridos el 9 de junio de 2025, cuando la v\u00edctima fue privada de la vida mediante disparos de arma de fuego en el municipio de Acapulco de Ju\u00e1rez.<\/p>\n\n\n\n<p class=\"wp-block-paragraph\">La Fiscal\u00eda General del Estado de Guerrero contin\u00faa fortaleciendo las investigaciones de los delitos de alto impacto y la presentaci\u00f3n de datos de prueba ante los tribunales, con el objetivo de llevar ante la justicia a quienes sean se\u00f1alados como probables responsables.<\/p>\n\n\n\n<p class=\"wp-block-paragraph\">\u2014ooOoo\u2014<\/p>\n\n\n\n<p class=\"wp-block-paragraph\"><\/p>\n","protected":false},"excerpt":{"rendered":"<p>Chilpancingo, Gro., a 25 de agosto de 2026.\u2013 La Fiscal\u00eda General del Estado de Guerrero obtuvo la vinculaci\u00f3n a proceso de Yan \u201cN\u201d y Ren\u00e9 \u201cN\u201d, identificados como integrantes del grupo delictivo \u201cLos Rusos\u201d, por su probable responsabilidad en el delito de homicidio calificado, cometido en agravio de Ronald \u201cN\u201d, conocido como \u201cRonald NotiExpres\u201d, en [&hellip;]<\/p>\n","protected":false},"author":9,"featured_media":0,"comment_status":"closed","ping_status":"open","sticky":false,"template":"","format":"standard","meta":{"footnotes":""},"categories":[15],"tags":[],"class_list":["post-4875","post","type-post","status-publish","format-standard","hentry","category-noticias"],"gutentor_comment":0,"_links":{"self":[{"href":"https:\/\/fiscaliaguerrero.gob.mx\/index.php\/wp-json\/wp\/v2\/posts\/4875","targetHints":{"allow":["GET"]}}],"collection":[{"href":"https:\/\/fiscaliaguerrero.gob.mx\/index.php\/wp-json\/wp\/v2\/posts"}],"about":[{"href":"https:\/\/fiscaliaguerrero.gob.mx\/index.php\/wp-json\/wp\/v2\/types\/post"}],"author":[{"embeddable":true,"href":"https:\/\/fiscaliaguerrero.gob.mx\/index.php\/wp-json\/wp\/v2\/users\/9"}],"replies":[{"embeddable":true,"href":"https:\/\/fiscaliaguerrero.gob.mx\/index.php\/wp-json\/wp\/v2\/comments?post=4875"}],"version-history":[{"count":1,"href":"https:\/\/fiscaliaguerrero.gob.mx\/index.php\/wp-json\/wp\/v2\/posts\/4875\/revisions"}],"predecessor-version":[{"id":4877,"href":"https:\/\/fiscaliaguerrero.gob.mx\/index.php\/wp-json\/wp\/v2\/posts\/4875\/revisions\/4877"}],"wp:attachment":[{"href":"https:\/\/fiscaliaguerrero.gob.mx\/index.php\/wp-json\/wp\/v2\/media?parent=4875"}],"wp:term":[{"taxonomy":"category","embeddable":true,"href":"https:\/\/fiscaliaguerrero.gob.mx\/index.php\/wp-json\/wp\/v2\/categories?post=4875"},{"taxonomy":"post_tag","embeddable":true,"href":"https:\/\/fiscaliaguerrero.gob.mx\/index.php\/wp-json\/wp\/v2\/tags?post=4875"}],"curies":[{"name":"wp","href":"https:\/\/api.w.org\/{rel}","templated":true}]}}