{"id":4878,"date":"2026-08-25T20:31:16","date_gmt":"2026-08-25T18:31:16","guid":{"rendered":"https:\/\/fiscaliaguerrero.gob.mx\/?p=4878"},"modified":"2026-08-25T20:31:16","modified_gmt":"2026-08-25T18:31:16","slug":"fgeguerrero-realiza-entrega-digna-de-27-cuerpos-identificados-y-restituidos-a-sus-familias","status":"publish","type":"post","link":"https:\/\/fiscaliaguerrero.gob.mx\/index.php\/2026\/08\/25\/fgeguerrero-realiza-entrega-digna-de-27-cuerpos-identificados-y-restituidos-a-sus-familias\/","title":{"rendered":"FGEGuerrero realiza entrega digna de 27 cuerpos identificados y restituidos a sus familias"},"content":{"rendered":"\n<figure class=\"wp-block-gallery has-nested-images columns-default is-cropped wp-block-gallery-1 is-layout-flex wp-block-gallery-is-layout-flex\">\n<figure class=\"wp-block-image size-large\"><img loading=\"lazy\" decoding=\"async\" width=\"1024\" height=\"1024\" data-id=\"4880\" src=\"https:\/\/fiscaliaguerrero.gob.mx\/wp-content\/uploads\/2026\/08\/e7cc17f6-95c1-4637-914e-a7011f94d1d8-1024x1024.jpeg\" alt=\"\" class=\"wp-image-4880\" srcset=\"https:\/\/fiscaliaguerrero.gob.mx\/wp-content\/uploads\/2026\/08\/e7cc17f6-95c1-4637-914e-a7011f94d1d8-1024x1024.jpeg 1024w, https:\/\/fiscaliaguerrero.gob.mx\/wp-content\/uploads\/2026\/08\/e7cc17f6-95c1-4637-914e-a7011f94d1d8-300x300.jpeg 300w, https:\/\/fiscaliaguerrero.gob.mx\/wp-content\/uploads\/2026\/08\/e7cc17f6-95c1-4637-914e-a7011f94d1d8-150x150.jpeg 150w, https:\/\/fiscaliaguerrero.gob.mx\/wp-content\/uploads\/2026\/08\/e7cc17f6-95c1-4637-914e-a7011f94d1d8-768x768.jpeg 768w, https:\/\/fiscaliaguerrero.gob.mx\/wp-content\/uploads\/2026\/08\/e7cc17f6-95c1-4637-914e-a7011f94d1d8.jpeg 1363w\" sizes=\"auto, (max-width: 1024px) 100vw, 1024px\" \/><\/figure>\n\n\n\n<figure class=\"wp-block-image size-large\"><img loading=\"lazy\" decoding=\"async\" width=\"1024\" height=\"768\" data-id=\"4881\" src=\"https:\/\/fiscaliaguerrero.gob.mx\/wp-content\/uploads\/2026\/08\/f570bd63-81d6-4464-84f2-9ddec4b323ee-1024x768.jpeg\" alt=\"\" class=\"wp-image-4881\" srcset=\"https:\/\/fiscaliaguerrero.gob.mx\/wp-content\/uploads\/2026\/08\/f570bd63-81d6-4464-84f2-9ddec4b323ee-1024x768.jpeg 1024w, https:\/\/fiscaliaguerrero.gob.mx\/wp-content\/uploads\/2026\/08\/f570bd63-81d6-4464-84f2-9ddec4b323ee-300x225.jpeg 300w, https:\/\/fiscaliaguerrero.gob.mx\/wp-content\/uploads\/2026\/08\/f570bd63-81d6-4464-84f2-9ddec4b323ee-768x576.jpeg 768w, https:\/\/fiscaliaguerrero.gob.mx\/wp-content\/uploads\/2026\/08\/f570bd63-81d6-4464-84f2-9ddec4b323ee-1536x1152.jpeg 1536w, https:\/\/fiscaliaguerrero.gob.mx\/wp-content\/uploads\/2026\/08\/f570bd63-81d6-4464-84f2-9ddec4b323ee.jpeg 1600w\" sizes=\"auto, (max-width: 1024px) 100vw, 1024px\" \/><\/figure>\n\n\n\n<figure class=\"wp-block-image size-large\"><img loading=\"lazy\" decoding=\"async\" width=\"645\" height=\"431\" data-id=\"4879\" src=\"https:\/\/fiscaliaguerrero.gob.mx\/wp-content\/uploads\/2026\/08\/efec4959-e14e-4e9a-a11c-18fa495591d6.jpeg\" alt=\"\" class=\"wp-image-4879\" srcset=\"https:\/\/fiscaliaguerrero.gob.mx\/wp-content\/uploads\/2026\/08\/efec4959-e14e-4e9a-a11c-18fa495591d6.jpeg 645w, https:\/\/fiscaliaguerrero.gob.mx\/wp-content\/uploads\/2026\/08\/efec4959-e14e-4e9a-a11c-18fa495591d6-300x200.jpeg 300w\" sizes=\"auto, (max-width: 645px) 100vw, 645px\" \/><\/figure>\n\n\n\n<figure class=\"wp-block-image size-large\"><img loading=\"lazy\" decoding=\"async\" width=\"1024\" height=\"682\" data-id=\"4883\" src=\"https:\/\/fiscaliaguerrero.gob.mx\/wp-content\/uploads\/2026\/08\/ffbaa8b6-9965-47d8-ba34-b8b2fa67ba59-1024x682.jpeg\" alt=\"\" class=\"wp-image-4883\" srcset=\"https:\/\/fiscaliaguerrero.gob.mx\/wp-content\/uploads\/2026\/08\/ffbaa8b6-9965-47d8-ba34-b8b2fa67ba59-1024x682.jpeg 1024w, https:\/\/fiscaliaguerrero.gob.mx\/wp-content\/uploads\/2026\/08\/ffbaa8b6-9965-47d8-ba34-b8b2fa67ba59-300x200.jpeg 300w, https:\/\/fiscaliaguerrero.gob.mx\/wp-content\/uploads\/2026\/08\/ffbaa8b6-9965-47d8-ba34-b8b2fa67ba59-768x512.jpeg 768w, https:\/\/fiscaliaguerrero.gob.mx\/wp-content\/uploads\/2026\/08\/ffbaa8b6-9965-47d8-ba34-b8b2fa67ba59-1536x1023.jpeg 1536w, https:\/\/fiscaliaguerrero.gob.mx\/wp-content\/uploads\/2026\/08\/ffbaa8b6-9965-47d8-ba34-b8b2fa67ba59.jpeg 1600w\" sizes=\"auto, (max-width: 1024px) 100vw, 1024px\" \/><\/figure>\n\n\n\n<figure class=\"wp-block-image size-large\"><img loading=\"lazy\" decoding=\"async\" width=\"1024\" height=\"572\" data-id=\"4882\" src=\"https:\/\/fiscaliaguerrero.gob.mx\/wp-content\/uploads\/2026\/08\/42b16ccf-7278-43ed-8578-cb375cf29435-1024x572.jpeg\" alt=\"\" class=\"wp-image-4882\" srcset=\"https:\/\/fiscaliaguerrero.gob.mx\/wp-content\/uploads\/2026\/08\/42b16ccf-7278-43ed-8578-cb375cf29435-1024x572.jpeg 1024w, https:\/\/fiscaliaguerrero.gob.mx\/wp-content\/uploads\/2026\/08\/42b16ccf-7278-43ed-8578-cb375cf29435-300x168.jpeg 300w, https:\/\/fiscaliaguerrero.gob.mx\/wp-content\/uploads\/2026\/08\/42b16ccf-7278-43ed-8578-cb375cf29435-768x429.jpeg 768w, https:\/\/fiscaliaguerrero.gob.mx\/wp-content\/uploads\/2026\/08\/42b16ccf-7278-43ed-8578-cb375cf29435-1536x858.jpeg 1536w, https:\/\/fiscaliaguerrero.gob.mx\/wp-content\/uploads\/2026\/08\/42b16ccf-7278-43ed-8578-cb375cf29435.jpeg 1600w\" sizes=\"auto, (max-width: 1024px) 100vw, 1024px\" \/><\/figure>\n<\/figure>\n\n\n\n<p class=\"wp-block-paragraph\">Chilpancingo, Gro., a 25 de agosto de 2026.\u2013 Como parte de las acciones permanentes para fortalecer los procesos de identificaci\u00f3n humana y atenci\u00f3n a las familias, la Fiscal\u00eda General del Estado de Guerrero concret\u00f3, durante los meses de julio y agosto de 2026, la entrega digna de 27 cuerpos plenamente identificados a sus familiares.<\/p>\n\n\n\n<p class=\"wp-block-paragraph\">De acuerdo con el registro institucional, del total de personas restituidas, 24 corresponden al sexo masculino y tres al sexo femenino, cuyos cuerpos fueron entregados a sus familias una vez concluidos los procedimientos t\u00e9cnicos, ministeriales y administrativos correspondientes, bajo el respectivo Protocolo de Entrega Digna.<\/p>\n\n\n\n<p class=\"wp-block-paragraph\">Las restituciones se realizaron entre los meses de julio y agosto de 2026, como resultado del trabajo desarrollado por las \u00e1reas especializadas de la Fiscal\u00eda para avanzar en la identificaci\u00f3n de personas y garantizar su entrega digna a las familias.<\/p>\n\n\n\n<p class=\"wp-block-paragraph\">Los casos corresponden a personas vinculadas con distintos municipios y entidades del pa\u00eds, entre ellos Chilpancingo, Acapulco, Malinaltepec, Tixtla y Juchitl\u00e1n, Guerrero; Jiutepec, Morelos; Tlalnepantla de Baz y Jilotepec, Estado de M\u00e9xico; as\u00ed como los estados de Tlaxcala y Colima.<\/p>\n\n\n\n<p class=\"wp-block-paragraph\">La diversidad de lugares de procedencia refleja el alcance de las acciones de identificaci\u00f3n humana y la importancia de la coordinaci\u00f3n interinstitucional para lograr la restituci\u00f3n de personas a sus familias, incluso cuando los casos se encuentran relacionados con entidades distintas a Guerrero.<\/p>\n\n\n\n<p class=\"wp-block-paragraph\">Los expedientes corresponden a investigaciones iniciadas entre 2015 y 2024, lo que refleja el seguimiento institucional a casos que permanecieron durante a\u00f1os en proceso de identificaci\u00f3n y que hoy permiten a las familias recuperar a sus seres queridos y avanzar en sus procesos de duelo.<\/p>\n\n\n\n<p class=\"wp-block-paragraph\">La Fiscal\u00eda General del Estado de Guerrero refrenda su compromiso de continuar fortaleciendo sus capacidades en materia de identificaci\u00f3n humana, atenci\u00f3n a v\u00edctimas, b\u00fasqueda, localizaci\u00f3n y restituci\u00f3n digna, con perspectiva de derechos humanos, trato digno y sensibilidad hacia las familias que enfrentan procesos de p\u00e9rdida e incertidumbre.<\/p>\n\n\n\n<p class=\"wp-block-paragraph\">Visita: \u2b07\ufe0f<\/p>\n\n\n\n<p class=\"wp-block-paragraph\"><a href=\"https:\/\/servicios.fiscaliaguerrero.gob.mx\/SIED\/publico\">https:\/\/servicios.fiscaliaguerrero.gob.mx\/SIED\/publico<\/a><\/p>\n\n\n\n<p class=\"wp-block-paragraph\">\u2014ooOoo\u2014<\/p>\n\n\n\n<p class=\"wp-block-paragraph\"><\/p>\n","protected":false},"excerpt":{"rendered":"<p>Chilpancingo, Gro., a 25 de agosto de 2026.\u2013 Como parte de las acciones permanentes para fortalecer los procesos de identificaci\u00f3n humana y atenci\u00f3n a las familias, la Fiscal\u00eda General del Estado de Guerrero concret\u00f3, durante los meses de julio y agosto de 2026, la entrega digna de 27 cuerpos plenamente identificados a sus familiares. De [&hellip;]<\/p>\n","protected":false},"author":9,"featured_media":0,"comment_status":"closed","ping_status":"open","sticky":false,"template":"","format":"standard","meta":{"footnotes":""},"categories":[15],"tags":[],"class_list":["post-4878","post","type-post","status-publish","format-standard","hentry","category-noticias"],"gutentor_comment":0,"_links":{"self":[{"href":"https:\/\/fiscaliaguerrero.gob.mx\/index.php\/wp-json\/wp\/v2\/posts\/4878","targetHints":{"allow":["GET"]}}],"collection":[{"href":"https:\/\/fiscaliaguerrero.gob.mx\/index.php\/wp-json\/wp\/v2\/posts"}],"about":[{"href":"https:\/\/fiscaliaguerrero.gob.mx\/index.php\/wp-json\/wp\/v2\/types\/post"}],"author":[{"embeddable":true,"href":"https:\/\/fiscaliaguerrero.gob.mx\/index.php\/wp-json\/wp\/v2\/users\/9"}],"replies":[{"embeddable":true,"href":"https:\/\/fiscaliaguerrero.gob.mx\/index.php\/wp-json\/wp\/v2\/comments?post=4878"}],"version-history":[{"count":1,"href":"https:\/\/fiscaliaguerrero.gob.mx\/index.php\/wp-json\/wp\/v2\/posts\/4878\/revisions"}],"predecessor-version":[{"id":4884,"href":"https:\/\/fiscaliaguerrero.gob.mx\/index.php\/wp-json\/wp\/v2\/posts\/4878\/revisions\/4884"}],"wp:attachment":[{"href":"https:\/\/fiscaliaguerrero.gob.mx\/index.php\/wp-json\/wp\/v2\/media?parent=4878"}],"wp:term":[{"taxonomy":"category","embeddable":true,"href":"https:\/\/fiscaliaguerrero.gob.mx\/index.php\/wp-json\/wp\/v2\/categories?post=4878"},{"taxonomy":"post_tag","embeddable":true,"href":"https:\/\/fiscaliaguerrero.gob.mx\/index.php\/wp-json\/wp\/v2\/tags?post=4878"}],"curies":[{"name":"wp","href":"https:\/\/api.w.org\/{rel}","templated":true}]}}