{"id":5013,"date":"2026-08-28T18:35:33","date_gmt":"2026-08-28T16:35:33","guid":{"rendered":"https:\/\/fiscaliaguerrero.gob.mx\/?p=5013"},"modified":"2026-08-28T18:35:33","modified_gmt":"2026-08-28T16:35:33","slug":"fge-guerrero-detiene-en-martir-de-cuilapan-a-un-hombre-por-violacion-equiparada-agravada-y-violacion","status":"publish","type":"post","link":"https:\/\/fiscaliaguerrero.gob.mx\/index.php\/2026\/08\/28\/fge-guerrero-detiene-en-martir-de-cuilapan-a-un-hombre-por-violacion-equiparada-agravada-y-violacion\/","title":{"rendered":"FGE Guerrero detiene en M\u00e1rtir de Cuilapan a un hombre por violaci\u00f3n equiparada agravada y violaci\u00f3n"},"content":{"rendered":"\n<p class=\"wp-block-paragraph\">Chilpancingo, Gro., a 28 de agosto de 2026.\u2013 La Fiscal\u00eda General del Estado de Guerrero cumpliment\u00f3 una orden de aprehensi\u00f3n en contra de Jos\u00e9 Alfonso \u201cN\u201d, por su probable responsabilidad en los delitos de violaci\u00f3n equiparada agravada con violencia y violaci\u00f3n, en agravio de una v\u00edctima de identidad reservada, por hechos ocurridos en el municipio de M\u00e1rtir de Cuilapan.<\/p>\n\n\n\n<p class=\"wp-block-paragraph\">De acuerdo con las investigaciones, la v\u00edctima presuntamente fue v\u00edctima de conductas de naturaleza sexual por parte del imputado en diversas ocasiones.<\/p>\n\n\n\n<p class=\"wp-block-paragraph\">Los actos de investigaci\u00f3n permitieron integrar los datos de prueba correspondientes y dar seguimiento al mandamiento judicial librado dentro de la causa penal relacionada con estos hechos.<\/p>\n\n\n\n<p class=\"wp-block-paragraph\">La detenci\u00f3n se realiz\u00f3 en la localidad de Tlamamacan, municipio de M\u00e1rtir de Cuilapan, mediante una acci\u00f3n coordinada entre la Fiscal\u00eda General del Estado de Guerrero, Secretar\u00eda de la Defensa Nacional (DEFENSA), Guardia Nacional (GN) y Polic\u00eda Estatal (SSPGro).<\/p>\n\n\n\n<p class=\"wp-block-paragraph\">El imputado ser\u00e1 puesto a disposici\u00f3n del Juez que lo requiere para a efecto de determinar si situaci\u00f3n jur\u00eddica.<\/p>\n\n\n\n<p class=\"wp-block-paragraph\">La Fiscal\u00eda General del Estado de Guerrero refrenda su compromiso de investigar y perseguir los delitos sexuales, especialmente aquellos cometidos en agravio de ni\u00f1as, ni\u00f1os y adolescentes, garantizando en todo momento la protecci\u00f3n de su identidad, integridad y derechos.<\/p>\n\n\n\n<p class=\"wp-block-paragraph\">\u2014ooOoo\u2014<\/p>\n","protected":false},"excerpt":{"rendered":"<p>Chilpancingo, Gro., a 28 de agosto de 2026.\u2013 La Fiscal\u00eda General del Estado de Guerrero cumpliment\u00f3 una orden de aprehensi\u00f3n en contra de Jos\u00e9 Alfonso \u201cN\u201d, por su probable responsabilidad en los delitos de violaci\u00f3n equiparada agravada con violencia y violaci\u00f3n, en agravio de una v\u00edctima de identidad reservada, por hechos ocurridos en el municipio [&hellip;]<\/p>\n","protected":false},"author":10,"featured_media":5014,"comment_status":"closed","ping_status":"open","sticky":false,"template":"","format":"standard","meta":{"footnotes":""},"categories":[15],"tags":[],"class_list":["post-5013","post","type-post","status-publish","format-standard","has-post-thumbnail","hentry","category-noticias"],"gutentor_comment":0,"_links":{"self":[{"href":"https:\/\/fiscaliaguerrero.gob.mx\/index.php\/wp-json\/wp\/v2\/posts\/5013","targetHints":{"allow":["GET"]}}],"collection":[{"href":"https:\/\/fiscaliaguerrero.gob.mx\/index.php\/wp-json\/wp\/v2\/posts"}],"about":[{"href":"https:\/\/fiscaliaguerrero.gob.mx\/index.php\/wp-json\/wp\/v2\/types\/post"}],"author":[{"embeddable":true,"href":"https:\/\/fiscaliaguerrero.gob.mx\/index.php\/wp-json\/wp\/v2\/users\/10"}],"replies":[{"embeddable":true,"href":"https:\/\/fiscaliaguerrero.gob.mx\/index.php\/wp-json\/wp\/v2\/comments?post=5013"}],"version-history":[{"count":1,"href":"https:\/\/fiscaliaguerrero.gob.mx\/index.php\/wp-json\/wp\/v2\/posts\/5013\/revisions"}],"predecessor-version":[{"id":5015,"href":"https:\/\/fiscaliaguerrero.gob.mx\/index.php\/wp-json\/wp\/v2\/posts\/5013\/revisions\/5015"}],"wp:featuredmedia":[{"embeddable":true,"href":"https:\/\/fiscaliaguerrero.gob.mx\/index.php\/wp-json\/wp\/v2\/media\/5014"}],"wp:attachment":[{"href":"https:\/\/fiscaliaguerrero.gob.mx\/index.php\/wp-json\/wp\/v2\/media?parent=5013"}],"wp:term":[{"taxonomy":"category","embeddable":true,"href":"https:\/\/fiscaliaguerrero.gob.mx\/index.php\/wp-json\/wp\/v2\/categories?post=5013"},{"taxonomy":"post_tag","embeddable":true,"href":"https:\/\/fiscaliaguerrero.gob.mx\/index.php\/wp-json\/wp\/v2\/tags?post=5013"}],"curies":[{"name":"wp","href":"https:\/\/api.w.org\/{rel}","templated":true}]}}