{"id":5103,"date":"2026-08-30T22:11:36","date_gmt":"2026-08-30T20:11:36","guid":{"rendered":"https:\/\/fiscaliaguerrero.gob.mx\/?p=5103"},"modified":"2026-08-30T22:11:36","modified_gmt":"2026-08-30T20:11:36","slug":"fgeguerrero-detiene-en-iguala-a-un-hombre-por-feminicidio-ocurrido-en-huitzuco","status":"publish","type":"post","link":"https:\/\/fiscaliaguerrero.gob.mx\/index.php\/2026\/08\/30\/fgeguerrero-detiene-en-iguala-a-un-hombre-por-feminicidio-ocurrido-en-huitzuco\/","title":{"rendered":"FGEGuerrero detiene en Iguala a un hombre por feminicidio ocurrido en Huitzuco"},"content":{"rendered":"\n<figure class=\"wp-block-image size-large\"><img loading=\"lazy\" decoding=\"async\" width=\"1024\" height=\"726\" src=\"https:\/\/fiscaliaguerrero.gob.mx\/wp-content\/uploads\/2026\/08\/061c0ba2-4f33-44de-a79d-c7e8dc43974d-1024x726.jpeg\" alt=\"\" class=\"wp-image-5104\" srcset=\"https:\/\/fiscaliaguerrero.gob.mx\/wp-content\/uploads\/2026\/08\/061c0ba2-4f33-44de-a79d-c7e8dc43974d-1024x726.jpeg 1024w, https:\/\/fiscaliaguerrero.gob.mx\/wp-content\/uploads\/2026\/08\/061c0ba2-4f33-44de-a79d-c7e8dc43974d-300x213.jpeg 300w, https:\/\/fiscaliaguerrero.gob.mx\/wp-content\/uploads\/2026\/08\/061c0ba2-4f33-44de-a79d-c7e8dc43974d-768x544.jpeg 768w, https:\/\/fiscaliaguerrero.gob.mx\/wp-content\/uploads\/2026\/08\/061c0ba2-4f33-44de-a79d-c7e8dc43974d.jpeg 1239w\" sizes=\"auto, (max-width: 1024px) 100vw, 1024px\" \/><\/figure>\n\n\n\n<p class=\"wp-block-paragraph\">Chilpancingo, Gro., a 30 de agosto de 2026.\u2013 La Fiscal\u00eda General del Estado de Guerrero cumpliment\u00f3 una orden de aprehensi\u00f3n en contra de Erik \u201cN\u201d, por su probable responsabilidad en el delito de feminicidio, en agravio de una v\u00edctima de identidad reservada, por hechos ocurridos en el municipio de Huitzuco de los Figueroa.<\/p>\n\n\n\n<p class=\"wp-block-paragraph\">De acuerdo con las investigaciones, los hechos ocurrieron el 21 de agosto de 2026, cuando la v\u00edctima, quien manten\u00eda una relaci\u00f3n de concubinato con el imputado, fue privada de la vida. Posteriormente, su cuerpo fue localizado sobre la carretera Huitzuco\u2013Iguala, a la altura de la localidad de Atetetla.<\/p>\n\n\n\n<p class=\"wp-block-paragraph\">Los actos de investigaci\u00f3n permitieron establecer la probable participaci\u00f3n de Erik \u201cN\u201d en los hechos y obtener de la autoridad judicial la orden de aprehensi\u00f3n correspondiente.<\/p>\n\n\n\n<p class=\"wp-block-paragraph\">La detenci\u00f3n se realiz\u00f3 en la colonia Las Am\u00e9ricas, en Iguala de la Independencia, mediante una acci\u00f3n coordinada entre la Fiscal\u00eda General del Estado de Guerrero, Secretar\u00eda de la Defensa Nacional (DEFENSA), Guardia Nacional (GN) y Polic\u00eda Estatal (SSPGro).<\/p>\n\n\n\n<p class=\"wp-block-paragraph\">Erik \u201cN\u201d ser\u00e1 puesto a disposici\u00f3n del Juez de Control que lo requiere, ante quien se determinar\u00e1 su situaci\u00f3n jur\u00eddica conforme a derecho.<\/p>\n\n\n\n<p class=\"wp-block-paragraph\">La Fiscal\u00eda General del Estado de Guerrero refrenda su compromiso de investigar los delitos cometidos contra las mujeres con perspectiva de g\u00e9nero, garantizar el acceso a la justicia de las v\u00edctimas y llevar ante los tribunales a quienes sean se\u00f1alados como probables responsables.<\/p>\n\n\n\n<p class=\"wp-block-paragraph\">\u2014ooOoo\u2014<\/p>\n\n\n\n<p class=\"wp-block-paragraph\"><\/p>\n","protected":false},"excerpt":{"rendered":"<p>Chilpancingo, Gro., a 30 de agosto de 2026.\u2013 La Fiscal\u00eda General del Estado de Guerrero cumpliment\u00f3 una orden de aprehensi\u00f3n en contra de Erik \u201cN\u201d, por su probable responsabilidad en el delito de feminicidio, en agravio de una v\u00edctima de identidad reservada, por hechos ocurridos en el municipio de Huitzuco de los Figueroa. De acuerdo [&hellip;]<\/p>\n","protected":false},"author":9,"featured_media":0,"comment_status":"closed","ping_status":"open","sticky":false,"template":"","format":"standard","meta":{"footnotes":""},"categories":[15],"tags":[],"class_list":["post-5103","post","type-post","status-publish","format-standard","hentry","category-noticias"],"gutentor_comment":0,"_links":{"self":[{"href":"https:\/\/fiscaliaguerrero.gob.mx\/index.php\/wp-json\/wp\/v2\/posts\/5103","targetHints":{"allow":["GET"]}}],"collection":[{"href":"https:\/\/fiscaliaguerrero.gob.mx\/index.php\/wp-json\/wp\/v2\/posts"}],"about":[{"href":"https:\/\/fiscaliaguerrero.gob.mx\/index.php\/wp-json\/wp\/v2\/types\/post"}],"author":[{"embeddable":true,"href":"https:\/\/fiscaliaguerrero.gob.mx\/index.php\/wp-json\/wp\/v2\/users\/9"}],"replies":[{"embeddable":true,"href":"https:\/\/fiscaliaguerrero.gob.mx\/index.php\/wp-json\/wp\/v2\/comments?post=5103"}],"version-history":[{"count":1,"href":"https:\/\/fiscaliaguerrero.gob.mx\/index.php\/wp-json\/wp\/v2\/posts\/5103\/revisions"}],"predecessor-version":[{"id":5105,"href":"https:\/\/fiscaliaguerrero.gob.mx\/index.php\/wp-json\/wp\/v2\/posts\/5103\/revisions\/5105"}],"wp:attachment":[{"href":"https:\/\/fiscaliaguerrero.gob.mx\/index.php\/wp-json\/wp\/v2\/media?parent=5103"}],"wp:term":[{"taxonomy":"category","embeddable":true,"href":"https:\/\/fiscaliaguerrero.gob.mx\/index.php\/wp-json\/wp\/v2\/categories?post=5103"},{"taxonomy":"post_tag","embeddable":true,"href":"https:\/\/fiscaliaguerrero.gob.mx\/index.php\/wp-json\/wp\/v2\/tags?post=5103"}],"curies":[{"name":"wp","href":"https:\/\/api.w.org\/{rel}","templated":true}]}}