{"id":5130,"date":"2026-09-02T02:47:18","date_gmt":"2026-09-02T00:47:18","guid":{"rendered":"https:\/\/fiscaliaguerrero.gob.mx\/?p=5130"},"modified":"2026-09-02T02:47:18","modified_gmt":"2026-09-02T00:47:18","slug":"fge-guerrero-detiene-en-acapulco-a-un-hombre-por-homicidio-calificado-de-una-mujer","status":"publish","type":"post","link":"https:\/\/fiscaliaguerrero.gob.mx\/index.php\/2026\/09\/02\/fge-guerrero-detiene-en-acapulco-a-un-hombre-por-homicidio-calificado-de-una-mujer\/","title":{"rendered":"FGE Guerrero detiene en Acapulco a un hombre por homicidio calificado de una mujer"},"content":{"rendered":"\n<p class=\"wp-block-paragraph\">Chilpancingo, Gro., a 1 de septiembre de 2026.\u2013 La Fiscal\u00eda General del Estado de Guerrero cumpliment\u00f3 una orden de aprehensi\u00f3n en contra de Ernesto \u201cN\u201d, por su probable responsabilidad en el delito de homicidio calificado, cometido en agravio de Yadira \u201cN\u201d, por hechos ocurridos en Acapulco de Ju\u00e1rez.<\/p>\n\n\n\n<p class=\"wp-block-paragraph\">De acuerdo con las investigaciones, los hechos ocurrieron el 29 de agosto de 2026, en la colonia Postal, donde la v\u00edctima presuntamente fue agredida por el imputado, provoc\u00e1ndole lesiones que posteriormente derivaron en su fallecimiento mientras recib\u00eda atenci\u00f3n m\u00e9dica.<\/p>\n\n\n\n<p class=\"wp-block-paragraph\">Los actos de investigaci\u00f3n permitieron establecer la probable participaci\u00f3n de Ernesto \u201cN\u201d en los hechos y obtener de la autoridad judicial la orden de aprehensi\u00f3n correspondiente.<\/p>\n\n\n\n<p class=\"wp-block-paragraph\">La detenci\u00f3n se realiz\u00f3 en la colonia Progreso, en Acapulco de Ju\u00e1rez, mediante una acci\u00f3n coordinada entre la Fiscal\u00eda General del Estado de Guerrero, Secretar\u00eda de la Defensa Nacional (DEFENSA), Guardia Nacional (GN), Secretar\u00eda de Marina (SEMAR), Secretar\u00eda de Seguridad y Protecci\u00f3n Ciudadana (SSPC) y Polic\u00eda Estatal (SSPGro).<\/p>\n\n\n\n<p class=\"wp-block-paragraph\">Ernesto \u201cN\u201d ser\u00e1 puesto a disposici\u00f3n del Juez de Control que lo requiere, ante quien se determinar\u00e1 su situaci\u00f3n jur\u00eddica conforme a derecho.<\/p>\n\n\n\n<p class=\"wp-block-paragraph\">La Fiscal\u00eda General del Estado de Guerrero contin\u00faa fortaleciendo las investigaciones de los delitos de alto impacto y la coordinaci\u00f3n interinstitucional para llevar ante la justicia a quienes sean se\u00f1alados como probables responsables.<\/p>\n\n\n\n<p class=\"wp-block-paragraph\">\u2014ooOoo\u2014<\/p>\n","protected":false},"excerpt":{"rendered":"<p>Chilpancingo, Gro., a 1 de septiembre de 2026.\u2013 La Fiscal\u00eda General del Estado de Guerrero cumpliment\u00f3 una orden de aprehensi\u00f3n en contra de Ernesto \u201cN\u201d, por su probable responsabilidad en el delito de homicidio calificado, cometido en agravio de Yadira \u201cN\u201d, por hechos ocurridos en Acapulco de Ju\u00e1rez. De acuerdo con las investigaciones, los hechos [&hellip;]<\/p>\n","protected":false},"author":10,"featured_media":5131,"comment_status":"closed","ping_status":"open","sticky":false,"template":"","format":"standard","meta":{"footnotes":""},"categories":[15],"tags":[],"class_list":["post-5130","post","type-post","status-publish","format-standard","has-post-thumbnail","hentry","category-noticias"],"gutentor_comment":0,"_links":{"self":[{"href":"https:\/\/fiscaliaguerrero.gob.mx\/index.php\/wp-json\/wp\/v2\/posts\/5130","targetHints":{"allow":["GET"]}}],"collection":[{"href":"https:\/\/fiscaliaguerrero.gob.mx\/index.php\/wp-json\/wp\/v2\/posts"}],"about":[{"href":"https:\/\/fiscaliaguerrero.gob.mx\/index.php\/wp-json\/wp\/v2\/types\/post"}],"author":[{"embeddable":true,"href":"https:\/\/fiscaliaguerrero.gob.mx\/index.php\/wp-json\/wp\/v2\/users\/10"}],"replies":[{"embeddable":true,"href":"https:\/\/fiscaliaguerrero.gob.mx\/index.php\/wp-json\/wp\/v2\/comments?post=5130"}],"version-history":[{"count":1,"href":"https:\/\/fiscaliaguerrero.gob.mx\/index.php\/wp-json\/wp\/v2\/posts\/5130\/revisions"}],"predecessor-version":[{"id":5132,"href":"https:\/\/fiscaliaguerrero.gob.mx\/index.php\/wp-json\/wp\/v2\/posts\/5130\/revisions\/5132"}],"wp:featuredmedia":[{"embeddable":true,"href":"https:\/\/fiscaliaguerrero.gob.mx\/index.php\/wp-json\/wp\/v2\/media\/5131"}],"wp:attachment":[{"href":"https:\/\/fiscaliaguerrero.gob.mx\/index.php\/wp-json\/wp\/v2\/media?parent=5130"}],"wp:term":[{"taxonomy":"category","embeddable":true,"href":"https:\/\/fiscaliaguerrero.gob.mx\/index.php\/wp-json\/wp\/v2\/categories?post=5130"},{"taxonomy":"post_tag","embeddable":true,"href":"https:\/\/fiscaliaguerrero.gob.mx\/index.php\/wp-json\/wp\/v2\/tags?post=5130"}],"curies":[{"name":"wp","href":"https:\/\/api.w.org\/{rel}","templated":true}]}}