{"id":5192,"date":"2026-09-04T17:30:00","date_gmt":"2026-09-04T15:30:00","guid":{"rendered":"https:\/\/fiscaliaguerrero.gob.mx\/?p=5192"},"modified":"2026-09-05T00:58:47","modified_gmt":"2026-09-04T22:58:47","slug":"fgeguerrero-logra-sentencia-por-abuso-sexual-en-iguala","status":"publish","type":"post","link":"https:\/\/fiscaliaguerrero.gob.mx\/index.php\/2026\/09\/04\/fgeguerrero-logra-sentencia-por-abuso-sexual-en-iguala\/","title":{"rendered":"FGEGuerrero logra sentencia por abuso sexual en Iguala"},"content":{"rendered":"\n<figure class=\"wp-block-image size-full\"><img loading=\"lazy\" decoding=\"async\" width=\"1000\" height=\"1000\" src=\"https:\/\/fiscaliaguerrero.gob.mx\/wp-content\/uploads\/2026\/09\/0d01b40a-cf65-45a1-b05d-53f167c13813.jpeg\" alt=\"\" class=\"wp-image-5193\" srcset=\"https:\/\/fiscaliaguerrero.gob.mx\/wp-content\/uploads\/2026\/09\/0d01b40a-cf65-45a1-b05d-53f167c13813.jpeg 1000w, https:\/\/fiscaliaguerrero.gob.mx\/wp-content\/uploads\/2026\/09\/0d01b40a-cf65-45a1-b05d-53f167c13813-300x300.jpeg 300w, https:\/\/fiscaliaguerrero.gob.mx\/wp-content\/uploads\/2026\/09\/0d01b40a-cf65-45a1-b05d-53f167c13813-150x150.jpeg 150w, https:\/\/fiscaliaguerrero.gob.mx\/wp-content\/uploads\/2026\/09\/0d01b40a-cf65-45a1-b05d-53f167c13813-768x768.jpeg 768w\" sizes=\"auto, (max-width: 1000px) 100vw, 1000px\" \/><\/figure>\n\n\n\n<p class=\"wp-block-paragraph\">Chilpancingo, Gro., a 4 de septiembre de 2026.- La Fiscal\u00eda General del Estado de Guerrero logr\u00f3 que un juez dictara sentencia condenatoria de 3 a\u00f1os de prisi\u00f3n en contra de Jos\u00e9 \u00abN\u00bb, por el delito de abuso sexual, cometido en perjuicio de una v\u00edctima de identidad reservada, en Iguala de la Independencia.<\/p>\n\n\n\n<p class=\"wp-block-paragraph\">Mediante trabajos de investigaci\u00f3n que permitieron recabar pruebas contundentes, la FGE Guerrero logr\u00f3 establecer la participaci\u00f3n del sentenciado en los hechos ocurridos el 22 de marzo de 2024 en el citado municipio. Derivado de esto, el juez dict\u00f3 fallo condenatorio de 3 a\u00f1os de prisi\u00f3n en contra del imputado, as\u00ed como el pago de una multa y el monto correspondiente a la reparaci\u00f3n del da\u00f1o.<\/p>\n\n\n\n<p class=\"wp-block-paragraph\">La Fiscal\u00eda General del Estado de Guerrero reitera su compromiso con la sociedad guerrerense de procurar justicia, para las v\u00edctimas de delitos y de buscar sanciones, para quienes atenten contra el derecho a una vida libre de violencia.<\/p>\n","protected":false},"excerpt":{"rendered":"<p>Chilpancingo, Gro., a 4 de septiembre de 2026.- La Fiscal\u00eda General del Estado de Guerrero logr\u00f3 que un juez dictara sentencia condenatoria de 3 a\u00f1os de prisi\u00f3n en contra de Jos\u00e9 \u00abN\u00bb, por el delito de abuso sexual, cometido en perjuicio de una v\u00edctima de identidad reservada, en Iguala de la Independencia. Mediante trabajos de [&hellip;]<\/p>\n","protected":false},"author":9,"featured_media":0,"comment_status":"closed","ping_status":"open","sticky":false,"template":"","format":"standard","meta":{"footnotes":""},"categories":[15],"tags":[],"class_list":["post-5192","post","type-post","status-publish","format-standard","hentry","category-noticias"],"gutentor_comment":0,"_links":{"self":[{"href":"https:\/\/fiscaliaguerrero.gob.mx\/index.php\/wp-json\/wp\/v2\/posts\/5192","targetHints":{"allow":["GET"]}}],"collection":[{"href":"https:\/\/fiscaliaguerrero.gob.mx\/index.php\/wp-json\/wp\/v2\/posts"}],"about":[{"href":"https:\/\/fiscaliaguerrero.gob.mx\/index.php\/wp-json\/wp\/v2\/types\/post"}],"author":[{"embeddable":true,"href":"https:\/\/fiscaliaguerrero.gob.mx\/index.php\/wp-json\/wp\/v2\/users\/9"}],"replies":[{"embeddable":true,"href":"https:\/\/fiscaliaguerrero.gob.mx\/index.php\/wp-json\/wp\/v2\/comments?post=5192"}],"version-history":[{"count":1,"href":"https:\/\/fiscaliaguerrero.gob.mx\/index.php\/wp-json\/wp\/v2\/posts\/5192\/revisions"}],"predecessor-version":[{"id":5194,"href":"https:\/\/fiscaliaguerrero.gob.mx\/index.php\/wp-json\/wp\/v2\/posts\/5192\/revisions\/5194"}],"wp:attachment":[{"href":"https:\/\/fiscaliaguerrero.gob.mx\/index.php\/wp-json\/wp\/v2\/media?parent=5192"}],"wp:term":[{"taxonomy":"category","embeddable":true,"href":"https:\/\/fiscaliaguerrero.gob.mx\/index.php\/wp-json\/wp\/v2\/categories?post=5192"},{"taxonomy":"post_tag","embeddable":true,"href":"https:\/\/fiscaliaguerrero.gob.mx\/index.php\/wp-json\/wp\/v2\/tags?post=5192"}],"curies":[{"name":"wp","href":"https:\/\/api.w.org\/{rel}","templated":true}]}}