{"id":5196,"date":"2026-09-05T18:30:00","date_gmt":"2026-09-05T16:30:00","guid":{"rendered":"https:\/\/fiscaliaguerrero.gob.mx\/?p=5196"},"modified":"2026-09-05T01:04:20","modified_gmt":"2026-09-04T23:04:20","slug":"fgeguerrero-logra-sentencia-condenatoria-por-violencia-familiar-en-huitzuco","status":"publish","type":"post","link":"https:\/\/fiscaliaguerrero.gob.mx\/index.php\/2026\/09\/05\/fgeguerrero-logra-sentencia-condenatoria-por-violencia-familiar-en-huitzuco\/","title":{"rendered":"FGEGuerrero logra sentencia condenatoria por violencia familiar en Huitzuco"},"content":{"rendered":"\n<figure class=\"wp-block-image size-full\"><img loading=\"lazy\" decoding=\"async\" width=\"1000\" height=\"1000\" src=\"https:\/\/fiscaliaguerrero.gob.mx\/wp-content\/uploads\/2026\/09\/bd986692-9df0-4d0c-98d3-258dbd8545ef.jpeg\" alt=\"\" class=\"wp-image-5197\" srcset=\"https:\/\/fiscaliaguerrero.gob.mx\/wp-content\/uploads\/2026\/09\/bd986692-9df0-4d0c-98d3-258dbd8545ef.jpeg 1000w, https:\/\/fiscaliaguerrero.gob.mx\/wp-content\/uploads\/2026\/09\/bd986692-9df0-4d0c-98d3-258dbd8545ef-300x300.jpeg 300w, https:\/\/fiscaliaguerrero.gob.mx\/wp-content\/uploads\/2026\/09\/bd986692-9df0-4d0c-98d3-258dbd8545ef-150x150.jpeg 150w, https:\/\/fiscaliaguerrero.gob.mx\/wp-content\/uploads\/2026\/09\/bd986692-9df0-4d0c-98d3-258dbd8545ef-768x768.jpeg 768w\" sizes=\"auto, (max-width: 1000px) 100vw, 1000px\" \/><\/figure>\n\n\n\n<p class=\"wp-block-paragraph\">Chilpancingo, Gro., a 4 de septiembre de 2026.- La Fiscal\u00eda General del Estado de Guerrero logr\u00f3 que un juez dictara sentencia condenatoria de 10 meses de prisi\u00f3n en contra de Jes\u00fas \u201cN\u201d, por el delito de violencia familiar, cometido en perjuicio de una v\u00edctima de identidad reservada, en Huitzuco de los Figueroa.<\/p>\n\n\n\n<p class=\"wp-block-paragraph\">Mediante trabajos de investigaci\u00f3n que permitieron recabar pruebas contundentes, la FGE Guerrero logr\u00f3 establecer la participaci\u00f3n del sentenciado en los hechos ocurridos el 21 de julio de 2024, donde el imputado agredi\u00f3 f\u00edsica y verbalmente a la v\u00edctima.<\/p>\n\n\n\n<p class=\"wp-block-paragraph\">Derivado de esto, el juez dict\u00f3 fallo condenatorio de 10 meses de prisi\u00f3n en contra del imputado, as\u00ed como el pago correspondiente a la reparaci\u00f3n del da\u00f1o.<\/p>\n\n\n\n<p class=\"wp-block-paragraph\">La Fiscal\u00eda General del Estado de Guerrero reitera su compromiso con la sociedad guerrerense de procurar justicia, para las v\u00edctimas de delitos y de buscar sanciones, para quienes atenten contra el derecho a una vida libre de violencia.<\/p>\n","protected":false},"excerpt":{"rendered":"<p>Chilpancingo, Gro., a 4 de septiembre de 2026.- La Fiscal\u00eda General del Estado de Guerrero logr\u00f3 que un juez dictara sentencia condenatoria de 10 meses de prisi\u00f3n en contra de Jes\u00fas \u201cN\u201d, por el delito de violencia familiar, cometido en perjuicio de una v\u00edctima de identidad reservada, en Huitzuco de los Figueroa. Mediante trabajos de [&hellip;]<\/p>\n","protected":false},"author":9,"featured_media":0,"comment_status":"closed","ping_status":"open","sticky":false,"template":"","format":"standard","meta":{"footnotes":""},"categories":[15],"tags":[],"class_list":["post-5196","post","type-post","status-publish","format-standard","hentry","category-noticias"],"gutentor_comment":0,"_links":{"self":[{"href":"https:\/\/fiscaliaguerrero.gob.mx\/index.php\/wp-json\/wp\/v2\/posts\/5196","targetHints":{"allow":["GET"]}}],"collection":[{"href":"https:\/\/fiscaliaguerrero.gob.mx\/index.php\/wp-json\/wp\/v2\/posts"}],"about":[{"href":"https:\/\/fiscaliaguerrero.gob.mx\/index.php\/wp-json\/wp\/v2\/types\/post"}],"author":[{"embeddable":true,"href":"https:\/\/fiscaliaguerrero.gob.mx\/index.php\/wp-json\/wp\/v2\/users\/9"}],"replies":[{"embeddable":true,"href":"https:\/\/fiscaliaguerrero.gob.mx\/index.php\/wp-json\/wp\/v2\/comments?post=5196"}],"version-history":[{"count":1,"href":"https:\/\/fiscaliaguerrero.gob.mx\/index.php\/wp-json\/wp\/v2\/posts\/5196\/revisions"}],"predecessor-version":[{"id":5198,"href":"https:\/\/fiscaliaguerrero.gob.mx\/index.php\/wp-json\/wp\/v2\/posts\/5196\/revisions\/5198"}],"wp:attachment":[{"href":"https:\/\/fiscaliaguerrero.gob.mx\/index.php\/wp-json\/wp\/v2\/media?parent=5196"}],"wp:term":[{"taxonomy":"category","embeddable":true,"href":"https:\/\/fiscaliaguerrero.gob.mx\/index.php\/wp-json\/wp\/v2\/categories?post=5196"},{"taxonomy":"post_tag","embeddable":true,"href":"https:\/\/fiscaliaguerrero.gob.mx\/index.php\/wp-json\/wp\/v2\/tags?post=5196"}],"curies":[{"name":"wp","href":"https:\/\/api.w.org\/{rel}","templated":true}]}}