{"id":5205,"date":"2026-09-04T09:30:00","date_gmt":"2026-09-04T07:30:00","guid":{"rendered":"https:\/\/fiscaliaguerrero.gob.mx\/?p=5205"},"modified":"2026-09-05T01:34:52","modified_gmt":"2026-09-04T23:34:52","slug":"fgeguerrero-logra-sentencia-de-20-anos-de-prision-por-homicidio-calificado-en-chilapa","status":"publish","type":"post","link":"https:\/\/fiscaliaguerrero.gob.mx\/index.php\/2026\/09\/04\/fgeguerrero-logra-sentencia-de-20-anos-de-prision-por-homicidio-calificado-en-chilapa\/","title":{"rendered":"FGEGuerrero logra sentencia de 20 a\u00f1os de prisi\u00f3n por homicidio calificado en Chilapa"},"content":{"rendered":"\n<figure class=\"wp-block-gallery has-nested-images columns-default is-cropped wp-block-gallery-1 is-layout-flex wp-block-gallery-is-layout-flex\">\n<figure class=\"wp-block-image size-large\"><img loading=\"lazy\" decoding=\"async\" width=\"1000\" height=\"1000\" data-id=\"5206\" src=\"https:\/\/fiscaliaguerrero.gob.mx\/wp-content\/uploads\/2026\/09\/8cb324ff-cc6f-4f1f-af9c-9d49a79529b7.jpeg\" alt=\"\" class=\"wp-image-5206\" srcset=\"https:\/\/fiscaliaguerrero.gob.mx\/wp-content\/uploads\/2026\/09\/8cb324ff-cc6f-4f1f-af9c-9d49a79529b7.jpeg 1000w, https:\/\/fiscaliaguerrero.gob.mx\/wp-content\/uploads\/2026\/09\/8cb324ff-cc6f-4f1f-af9c-9d49a79529b7-300x300.jpeg 300w, https:\/\/fiscaliaguerrero.gob.mx\/wp-content\/uploads\/2026\/09\/8cb324ff-cc6f-4f1f-af9c-9d49a79529b7-150x150.jpeg 150w, https:\/\/fiscaliaguerrero.gob.mx\/wp-content\/uploads\/2026\/09\/8cb324ff-cc6f-4f1f-af9c-9d49a79529b7-768x768.jpeg 768w\" sizes=\"auto, (max-width: 1000px) 100vw, 1000px\" \/><\/figure>\n\n\n\n<figure class=\"wp-block-image size-large\"><img loading=\"lazy\" decoding=\"async\" width=\"1000\" height=\"1000\" data-id=\"5207\" src=\"https:\/\/fiscaliaguerrero.gob.mx\/wp-content\/uploads\/2026\/09\/94437f39-002a-4533-8651-79d7faece82e.jpeg\" alt=\"\" class=\"wp-image-5207\" srcset=\"https:\/\/fiscaliaguerrero.gob.mx\/wp-content\/uploads\/2026\/09\/94437f39-002a-4533-8651-79d7faece82e.jpeg 1000w, https:\/\/fiscaliaguerrero.gob.mx\/wp-content\/uploads\/2026\/09\/94437f39-002a-4533-8651-79d7faece82e-300x300.jpeg 300w, https:\/\/fiscaliaguerrero.gob.mx\/wp-content\/uploads\/2026\/09\/94437f39-002a-4533-8651-79d7faece82e-150x150.jpeg 150w, https:\/\/fiscaliaguerrero.gob.mx\/wp-content\/uploads\/2026\/09\/94437f39-002a-4533-8651-79d7faece82e-768x768.jpeg 768w\" sizes=\"auto, (max-width: 1000px) 100vw, 1000px\" \/><\/figure>\n<\/figure>\n\n\n\n<p class=\"wp-block-paragraph\">Chilpancingo, Gro., a 4 de septiembre de 2026.- La Fiscal\u00eda General del Estado de Guerrero logr\u00f3 que un juez dictara sentencia condenatoria de 20 a\u00f1os de prisi\u00f3n en contra de Evaristo \u00abN\u00bb y Jonathan \u201cN\u201d, por el delito de homicidio calificado, cometido en perjuicio de una v\u00edctima de identidad reservada, hechos ocurridos en Chilapa de \u00c1lvarez.<\/p>\n\n\n\n<p class=\"wp-block-paragraph\">Mediante trabajos de investigaci\u00f3n que permitieron recabar pruebas contundentes, la FGE Guerrero logr\u00f3 establecer la participaci\u00f3n de los sentenciados en los hechos. Derivado de esto, el juez dict\u00f3 fallo condenatorio de 20 a\u00f1os de prisi\u00f3n en contra de los imputados, as\u00ed como el pago correspondiente a la reparaci\u00f3n del da\u00f1o.<\/p>\n\n\n\n<p class=\"wp-block-paragraph\">La Fiscal\u00eda General del Estado de Guerrero reitera su compromiso con la sociedad guerrerense de procurar justicia para las v\u00edctimas de delitos, y de buscar sanciones para quienes atenten contra el derecho a una vida libre de violencia.<\/p>\n","protected":false},"excerpt":{"rendered":"<p>Chilpancingo, Gro., a 4 de septiembre de 2026.- La Fiscal\u00eda General del Estado de Guerrero logr\u00f3 que un juez dictara sentencia condenatoria de 20 a\u00f1os de prisi\u00f3n en contra de Evaristo \u00abN\u00bb y Jonathan \u201cN\u201d, por el delito de homicidio calificado, cometido en perjuicio de una v\u00edctima de identidad reservada, hechos ocurridos en Chilapa de [&hellip;]<\/p>\n","protected":false},"author":9,"featured_media":0,"comment_status":"closed","ping_status":"open","sticky":false,"template":"","format":"standard","meta":{"footnotes":""},"categories":[15],"tags":[],"class_list":["post-5205","post","type-post","status-publish","format-standard","hentry","category-noticias"],"gutentor_comment":0,"_links":{"self":[{"href":"https:\/\/fiscaliaguerrero.gob.mx\/index.php\/wp-json\/wp\/v2\/posts\/5205","targetHints":{"allow":["GET"]}}],"collection":[{"href":"https:\/\/fiscaliaguerrero.gob.mx\/index.php\/wp-json\/wp\/v2\/posts"}],"about":[{"href":"https:\/\/fiscaliaguerrero.gob.mx\/index.php\/wp-json\/wp\/v2\/types\/post"}],"author":[{"embeddable":true,"href":"https:\/\/fiscaliaguerrero.gob.mx\/index.php\/wp-json\/wp\/v2\/users\/9"}],"replies":[{"embeddable":true,"href":"https:\/\/fiscaliaguerrero.gob.mx\/index.php\/wp-json\/wp\/v2\/comments?post=5205"}],"version-history":[{"count":1,"href":"https:\/\/fiscaliaguerrero.gob.mx\/index.php\/wp-json\/wp\/v2\/posts\/5205\/revisions"}],"predecessor-version":[{"id":5208,"href":"https:\/\/fiscaliaguerrero.gob.mx\/index.php\/wp-json\/wp\/v2\/posts\/5205\/revisions\/5208"}],"wp:attachment":[{"href":"https:\/\/fiscaliaguerrero.gob.mx\/index.php\/wp-json\/wp\/v2\/media?parent=5205"}],"wp:term":[{"taxonomy":"category","embeddable":true,"href":"https:\/\/fiscaliaguerrero.gob.mx\/index.php\/wp-json\/wp\/v2\/categories?post=5205"},{"taxonomy":"post_tag","embeddable":true,"href":"https:\/\/fiscaliaguerrero.gob.mx\/index.php\/wp-json\/wp\/v2\/tags?post=5205"}],"curies":[{"name":"wp","href":"https:\/\/api.w.org\/{rel}","templated":true}]}}