{"id":5212,"date":"2026-09-05T23:08:23","date_gmt":"2026-09-05T21:08:23","guid":{"rendered":"https:\/\/fiscaliaguerrero.gob.mx\/?p=5212"},"modified":"2026-09-05T23:08:23","modified_gmt":"2026-09-05T21:08:23","slug":"fgeguerrero-investiga-hechos-registrados-en-juan-r-escudero-y-fortalece-acciones-para-identificar-a-los-responsables","status":"publish","type":"post","link":"https:\/\/fiscaliaguerrero.gob.mx\/index.php\/2026\/09\/05\/fgeguerrero-investiga-hechos-registrados-en-juan-r-escudero-y-fortalece-acciones-para-identificar-a-los-responsables\/","title":{"rendered":"FGEGuerrero investiga hechos registrados en Juan R. Escudero y fortalece acciones para identificar a los responsables"},"content":{"rendered":"\n<figure class=\"wp-block-image size-large\"><img loading=\"lazy\" decoding=\"async\" width=\"1024\" height=\"565\" src=\"https:\/\/fiscaliaguerrero.gob.mx\/wp-content\/uploads\/2026\/09\/bd6a4dd0-1df8-4498-8d12-38d4cbb440a6-1024x565.jpeg\" alt=\"\" class=\"wp-image-5213\" srcset=\"https:\/\/fiscaliaguerrero.gob.mx\/wp-content\/uploads\/2026\/09\/bd6a4dd0-1df8-4498-8d12-38d4cbb440a6-1024x565.jpeg 1024w, https:\/\/fiscaliaguerrero.gob.mx\/wp-content\/uploads\/2026\/09\/bd6a4dd0-1df8-4498-8d12-38d4cbb440a6-300x166.jpeg 300w, https:\/\/fiscaliaguerrero.gob.mx\/wp-content\/uploads\/2026\/09\/bd6a4dd0-1df8-4498-8d12-38d4cbb440a6-768x424.jpeg 768w, https:\/\/fiscaliaguerrero.gob.mx\/wp-content\/uploads\/2026\/09\/bd6a4dd0-1df8-4498-8d12-38d4cbb440a6-1536x848.jpeg 1536w, https:\/\/fiscaliaguerrero.gob.mx\/wp-content\/uploads\/2026\/09\/bd6a4dd0-1df8-4498-8d12-38d4cbb440a6.jpeg 1600w\" sizes=\"auto, (max-width: 1024px) 100vw, 1024px\" \/><\/figure>\n\n\n\n<p class=\"wp-block-paragraph\">Chilpancingo, Gro., a 5 de septiembre de 2026.\u2013 Con relaci\u00f3n a los hechos registrados en las \u00faltimas horas en el municipio de Juan R. Escudero, donde fueron localizadas tres personas sin vida, entre ellos un elemento de la Guardia Nacional, la Fiscal\u00eda General del Estado de Guerrero informa que mantiene abiertas las investigaciones correspondientes para esclarecer lo ocurrido, identificar a los responsables y llevarlos ante la justicia.<\/p>\n\n\n\n<p class=\"wp-block-paragraph\">En las \u00faltimas semanas, la Fiscal\u00eda General del Estado de Guerrero, en coordinaci\u00f3n con personal del Ej\u00e9rcito Mexicano, Guardia Nacional y Polic\u00eda Estatal, ha intensificado las labores de investigaci\u00f3n, inteligencia y an\u00e1lisis criminal, as\u00ed como las acciones interinstitucionales en las regiones Monta\u00f1a, Acapulco y Centro, logrando detenciones y otros resultados que han generado presi\u00f3n sobre estructuras criminales y afectado su capacidad de operaci\u00f3n.<\/p>\n\n\n\n<p class=\"wp-block-paragraph\">Personal de la Polic\u00eda Investigadora Ministerial y Servicios Periciales desarrolla los actos de investigaci\u00f3n correspondientes para establecer las circunstancias de los hechos y obtener los datos de prueba que permitan identificar y localizar a quienes resulten responsables.<\/p>\n\n\n\n<p class=\"wp-block-paragraph\">Asimismo, esta instituci\u00f3n mantiene las investigaciones relacionadas con la privaci\u00f3n de la libertad de un integrante de la Guardia Nacional, quien fue obligado a realizar declaraciones relacionadas con los operativos y acciones de seguridad implementados en la entidad.<\/p>\n\n\n\n<p class=\"wp-block-paragraph\">Ante estos acontecimientos, la Fiscal\u00eda continuar\u00e1 fortaleciendo las investigaciones y mantendr\u00e1 la coordinaci\u00f3n con el Ej\u00e9rcito Mexicano, Guardia Nacional y Polic\u00eda Estatal, a fin de desarrollar las diligencias ministeriales necesarias y llevar ante la autoridad judicial a quienes resulten responsables.<\/p>\n\n\n\n<p class=\"wp-block-paragraph\">La Fiscal\u00eda General del Estado de Guerrero refrenda su compromiso de continuar investigando los hechos que se registren en la entidad, con estricto apego a la ley, hasta lograr su esclarecimiento y procurar justicia para las v\u00edctimas.<\/p>\n\n\n\n<p class=\"wp-block-paragraph\">\u2014ooOoo\u2014<\/p>\n\n\n\n<p class=\"wp-block-paragraph\"><\/p>\n","protected":false},"excerpt":{"rendered":"<p>Chilpancingo, Gro., a 5 de septiembre de 2026.\u2013 Con relaci\u00f3n a los hechos registrados en las \u00faltimas horas en el municipio de Juan R. Escudero, donde fueron localizadas tres personas sin vida, entre ellos un elemento de la Guardia Nacional, la Fiscal\u00eda General del Estado de Guerrero informa que mantiene abiertas las investigaciones correspondientes para [&hellip;]<\/p>\n","protected":false},"author":9,"featured_media":0,"comment_status":"closed","ping_status":"open","sticky":false,"template":"","format":"standard","meta":{"footnotes":""},"categories":[15],"tags":[],"class_list":["post-5212","post","type-post","status-publish","format-standard","hentry","category-noticias"],"gutentor_comment":0,"_links":{"self":[{"href":"https:\/\/fiscaliaguerrero.gob.mx\/index.php\/wp-json\/wp\/v2\/posts\/5212","targetHints":{"allow":["GET"]}}],"collection":[{"href":"https:\/\/fiscaliaguerrero.gob.mx\/index.php\/wp-json\/wp\/v2\/posts"}],"about":[{"href":"https:\/\/fiscaliaguerrero.gob.mx\/index.php\/wp-json\/wp\/v2\/types\/post"}],"author":[{"embeddable":true,"href":"https:\/\/fiscaliaguerrero.gob.mx\/index.php\/wp-json\/wp\/v2\/users\/9"}],"replies":[{"embeddable":true,"href":"https:\/\/fiscaliaguerrero.gob.mx\/index.php\/wp-json\/wp\/v2\/comments?post=5212"}],"version-history":[{"count":1,"href":"https:\/\/fiscaliaguerrero.gob.mx\/index.php\/wp-json\/wp\/v2\/posts\/5212\/revisions"}],"predecessor-version":[{"id":5214,"href":"https:\/\/fiscaliaguerrero.gob.mx\/index.php\/wp-json\/wp\/v2\/posts\/5212\/revisions\/5214"}],"wp:attachment":[{"href":"https:\/\/fiscaliaguerrero.gob.mx\/index.php\/wp-json\/wp\/v2\/media?parent=5212"}],"wp:term":[{"taxonomy":"category","embeddable":true,"href":"https:\/\/fiscaliaguerrero.gob.mx\/index.php\/wp-json\/wp\/v2\/categories?post=5212"},{"taxonomy":"post_tag","embeddable":true,"href":"https:\/\/fiscaliaguerrero.gob.mx\/index.php\/wp-json\/wp\/v2\/tags?post=5212"}],"curies":[{"name":"wp","href":"https:\/\/api.w.org\/{rel}","templated":true}]}}